{"id":9725,"date":"2025-02-03T15:09:00","date_gmt":"2025-02-03T14:09:00","guid":{"rendered":"https:\/\/www.granitimaurino.ch\/the-bridge-of-cevio-a-symbol-of-rebirth-for-vallemaggia\/"},"modified":"2025-02-03T15:14:39","modified_gmt":"2025-02-03T14:14:39","slug":"le-pont-du-cevio","status":"publish","type":"post","link":"https:\/\/www.granitimaurino.ch\/fr\/le-pont-du-cevio\/","title":{"rendered":"Le pont de Cevio : un symbole de renaissance pour le Vallemaggia"},"content":{"rendered":"<p>Lorsque nous avons lanc\u00e9 l&rsquo;id\u00e9e d&rsquo;un pont \u00e0 Cevio con\u00e7u par Santiago Calatrava, nous ne nous attendions pas \u00e0 un tel enthousiasme de la part de la communaut\u00e9. Les commentaires que nous avons re\u00e7us nous ont surpris et \u00e9mus : la plupart des gens ont accueilli cette proposition avec enthousiasme, la consid\u00e9rant comme une opportunit\u00e9 pour l&rsquo;avenir du Vallemaggia.<\/p>\n<p>La voix de la communaut\u00e9 : entre enthousiasme et r\u00e9flexion<\/p>\n<p>L&rsquo;un des commentaires re\u00e7us r\u00e9sume parfaitement l&rsquo;esprit de cette initiative : \u00ab Le Tessin, s&rsquo;il le veut, peut montrer que le courage de nos anc\u00eatres est toujours l\u00e0, avec une force visionnaire \u00bb. Ce message, comme beaucoup d&rsquo;autres, nous encourage \u00e0 croire encore plus en la valeur de ce projet.<\/p>\n<p>Vous avez \u00e9t\u00e9 tr\u00e8s nombreux \u00e0 nous \u00e9crire pour exprimer votre soutien et votre appr\u00e9ciation de cette vision. Beaucoup voient dans le pont un symbole de renaissance, un ouvrage qui non seulement r\u00e9tablit un lien essentiel, mais donne aussi un nouvel \u00e9lan \u00e0 la r\u00e9gion. La possibilit\u00e9 d&rsquo;utiliser des mat\u00e9riaux locaux, tels que le marbre de Cristallina et le granit du Valle Maggia, a suscit\u00e9 un grand int\u00e9r\u00eat. Il est clair que le d\u00e9sir de voir le Tessin jouer un r\u00f4le de premier plan dans un projet ambitieux est fort, et l&rsquo;id\u00e9e de combiner tradition et innovation a \u00e9t\u00e9 largement approuv\u00e9e.<\/p>\n<p>Certains d&rsquo;entre vous ont exprim\u00e9 la crainte que les politiques n&rsquo;aient pas le courage de soutenir un projet aussi visionnaire, qu&rsquo;ils le consid\u00e8rent comme irr\u00e9alisable ou non prioritaire. Beaucoup se demandent si les institutions sauront saisir l&rsquo;occasion de cr\u00e9er quelque chose d&rsquo;unique, capable de mettre en valeur les particularit\u00e9s du Tessin au lieu d&rsquo;assister passivement au d\u00e9peuplement des vall\u00e9es au profit des villes. Cependant, la communaut\u00e9 souhaite participer activement \u00e0 ce voyage.<\/p>\n","protected":false},"excerpt":{"rendered":"<p>Lorsque nous avons lanc\u00e9 l&rsquo;id\u00e9e d&rsquo;un pont \u00e0 Cevio con\u00e7u par Santiago Calatrava, nous ne nous attendions pas \u00e0 un tel enthousiasme de la part de la communaut\u00e9. Les commentaires que nous avons re\u00e7us nous ont surpris et \u00e9mus :&#8230;<\/p>\n","protected":false},"author":2,"featured_media":9720,"comment_status":"closed","ping_status":"closed","sticky":false,"template":"","format":"standard","meta":{"footnotes":""},"categories":[2],"class_list":["post-9725","post","type-post","status-publish","format-standard","has-post-thumbnail","hentry","category-press-fr"],"acf":[],"yoast_head":"<!-- This site is optimized with the Yoast SEO plugin v17.9 - https:\/\/yoast.com\/wordpress\/plugins\/seo\/ -->\n<meta name=\"description\" content=\"D\u00e9couvrez la conception du nouveau pont de Cevio par Calatrava. Une \u0153uvre qui allie tradition et innovation\" \/>\n<meta name=\"robots\" content=\"index, follow, max-snippet:-1, max-image-preview:large, max-video-preview:-1\" \/>\n<link rel=\"canonical\" href=\"https:\/\/www.granitimaurino.ch\/fr\/le-pont-du-cevio\/\" \/>\n<meta property=\"og:locale\" content=\"fr_FR\" \/>\n<meta property=\"og:type\" content=\"article\" \/>\n<meta property=\"og:title\" content=\"Le pont de Cevio : un symbole de renaissance pour le Vallemaggia - Graniti Maurino\" \/>\n<meta property=\"og:description\" content=\"D\u00e9couvrez la conception du nouveau pont de Cevio par Calatrava. Une \u0153uvre qui allie tradition et innovation\" \/>\n<meta property=\"og:url\" content=\"https:\/\/www.granitimaurino.ch\/fr\/le-pont-du-cevio\/\" \/>\n<meta property=\"og:site_name\" content=\"Graniti Maurino\" \/>\n<meta property=\"article:published_time\" content=\"2025-02-03T14:09:00+00:00\" \/>\n<meta property=\"article:modified_time\" content=\"2025-02-03T14:14:39+00:00\" \/>\n<meta property=\"og:image\" content=\"https:\/\/www.granitimaurino.ch\/wp-content\/uploads\/2025\/02\/Ponte_stradale_di_Visletto_crollato_2024_B.jpg\" \/>\n\t<meta property=\"og:image:width\" content=\"1600\" \/>\n\t<meta property=\"og:image:height\" content=\"1130\" \/>\n\t<meta property=\"og:image:type\" content=\"image\/jpeg\" \/>\n<meta name=\"twitter:card\" content=\"summary_large_image\" \/>\n<meta name=\"twitter:creator\" content=\"@maurino\" \/>\n<meta name=\"twitter:label1\" content=\"\u00c9crit par\" \/>\n\t<meta name=\"twitter:data1\" content=\"Graniti Maurino\" \/>\n\t<meta name=\"twitter:label2\" content=\"Dur\u00e9e de lecture estim\u00e9e\" \/>\n\t<meta name=\"twitter:data2\" content=\"2 minutes\" \/>\n<script type=\"application\/ld+json\" class=\"yoast-schema-graph\">{\"@context\":\"https:\/\/schema.org\",\"@graph\":[{\"@type\":\"Organization\",\"@id\":\"https:\/\/www.granitimaurino.ch\/#organization\",\"name\":\"Graniti Maurino\",\"url\":\"https:\/\/www.granitimaurino.ch\/\",\"sameAs\":[],\"logo\":{\"@type\":\"ImageObject\",\"@id\":\"https:\/\/www.granitimaurino.ch\/#logo\",\"inLanguage\":\"fr-FR\",\"url\":\"https:\/\/www.granitimaurino.ch\/wp-content\/uploads\/2021\/12\/logo.png\",\"contentUrl\":\"https:\/\/www.granitimaurino.ch\/wp-content\/uploads\/2021\/12\/logo.png\",\"width\":500,\"height\":104,\"caption\":\"Graniti Maurino\"},\"image\":{\"@id\":\"https:\/\/www.granitimaurino.ch\/#logo\"}},{\"@type\":\"WebSite\",\"@id\":\"https:\/\/www.granitimaurino.ch\/#website\",\"url\":\"https:\/\/www.granitimaurino.ch\/\",\"name\":\"Graniti Maurino\",\"description\":\"Pietre svizzere autentiche\",\"publisher\":{\"@id\":\"https:\/\/www.granitimaurino.ch\/#organization\"},\"potentialAction\":[{\"@type\":\"SearchAction\",\"target\":{\"@type\":\"EntryPoint\",\"urlTemplate\":\"https:\/\/www.granitimaurino.ch\/?s={search_term_string}\"},\"query-input\":\"required name=search_term_string\"}],\"inLanguage\":\"fr-FR\"},{\"@type\":\"ImageObject\",\"@id\":\"https:\/\/www.granitimaurino.ch\/fr\/le-pont-du-cevio\/#primaryimage\",\"inLanguage\":\"fr-FR\",\"url\":\"https:\/\/www.granitimaurino.ch\/wp-content\/uploads\/2025\/02\/Ponte_stradale_di_Visletto_crollato_2024_B.jpg\",\"contentUrl\":\"https:\/\/www.granitimaurino.ch\/wp-content\/uploads\/2025\/02\/Ponte_stradale_di_Visletto_crollato_2024_B.jpg\",\"width\":1600,\"height\":1130},{\"@type\":\"WebPage\",\"@id\":\"https:\/\/www.granitimaurino.ch\/fr\/le-pont-du-cevio\/#webpage\",\"url\":\"https:\/\/www.granitimaurino.ch\/fr\/le-pont-du-cevio\/\",\"name\":\"Le pont de Cevio : un symbole de renaissance pour le Vallemaggia - Graniti Maurino\",\"isPartOf\":{\"@id\":\"https:\/\/www.granitimaurino.ch\/#website\"},\"primaryImageOfPage\":{\"@id\":\"https:\/\/www.granitimaurino.ch\/fr\/le-pont-du-cevio\/#primaryimage\"},\"datePublished\":\"2025-02-03T14:09:00+00:00\",\"dateModified\":\"2025-02-03T14:14:39+00:00\",\"description\":\"D\\u00e9couvrez la conception du nouveau pont de Cevio par Calatrava. Une \\u0153uvre qui allie tradition et innovation\",\"breadcrumb\":{\"@id\":\"https:\/\/www.granitimaurino.ch\/fr\/le-pont-du-cevio\/#breadcrumb\"},\"inLanguage\":\"fr-FR\",\"potentialAction\":[{\"@type\":\"ReadAction\",\"target\":[\"https:\/\/www.granitimaurino.ch\/fr\/le-pont-du-cevio\/\"]}]},{\"@type\":\"BreadcrumbList\",\"@id\":\"https:\/\/www.granitimaurino.ch\/fr\/le-pont-du-cevio\/#breadcrumb\",\"itemListElement\":[{\"@type\":\"ListItem\",\"position\":1,\"name\":\"Home\",\"item\":\"https:\/\/www.granitimaurino.ch\/fr\/\"},{\"@type\":\"ListItem\",\"position\":2,\"name\":\"Le pont de Cevio : un symbole de renaissance pour le Vallemaggia\"}]},{\"@type\":\"Article\",\"@id\":\"https:\/\/www.granitimaurino.ch\/fr\/le-pont-du-cevio\/#article\",\"isPartOf\":{\"@id\":\"https:\/\/www.granitimaurino.ch\/fr\/le-pont-du-cevio\/#webpage\"},\"author\":{\"@id\":\"https:\/\/www.granitimaurino.ch\/#\/schema\/person\/2ce3afa490526919a99d9b01dd1c222b\"},\"headline\":\"Le pont de Cevio : un symbole de renaissance pour le Vallemaggia\",\"datePublished\":\"2025-02-03T14:09:00+00:00\",\"dateModified\":\"2025-02-03T14:14:39+00:00\",\"mainEntityOfPage\":{\"@id\":\"https:\/\/www.granitimaurino.ch\/fr\/le-pont-du-cevio\/#webpage\"},\"wordCount\":317,\"publisher\":{\"@id\":\"https:\/\/www.granitimaurino.ch\/#organization\"},\"image\":{\"@id\":\"https:\/\/www.granitimaurino.ch\/fr\/le-pont-du-cevio\/#primaryimage\"},\"thumbnailUrl\":\"https:\/\/www.granitimaurino.ch\/wp-content\/uploads\/2025\/02\/Ponte_stradale_di_Visletto_crollato_2024_B.jpg\",\"articleSection\":[\"Press\"],\"inLanguage\":\"fr-FR\"},{\"@type\":\"Person\",\"@id\":\"https:\/\/www.granitimaurino.ch\/#\/schema\/person\/2ce3afa490526919a99d9b01dd1c222b\",\"name\":\"Graniti Maurino\",\"image\":{\"@type\":\"ImageObject\",\"@id\":\"https:\/\/www.granitimaurino.ch\/#personlogo\",\"inLanguage\":\"fr-FR\",\"url\":\"https:\/\/secure.gravatar.com\/avatar\/b0f7dbf224cc37b867650cc9ce06acfad81a67271f3281438247d36fba84b799?s=96&d=mm&r=g\",\"contentUrl\":\"https:\/\/secure.gravatar.com\/avatar\/b0f7dbf224cc37b867650cc9ce06acfad81a67271f3281438247d36fba84b799?s=96&d=mm&r=g\",\"caption\":\"Graniti Maurino\"},\"sameAs\":[\"https:\/\/www.instagram.com\/granitimaurino.ch\/\",\"https:\/\/twitter.com\/maurino\"]}]}<\/script>\n<!-- \/ Yoast SEO plugin. -->","yoast_head_json":{"description":"D\u00e9couvrez la conception du nouveau pont de Cevio par Calatrava. Une \u0153uvre qui allie tradition et innovation","robots":{"index":"index","follow":"follow","max-snippet":"max-snippet:-1","max-image-preview":"max-image-preview:large","max-video-preview":"max-video-preview:-1"},"canonical":"https:\/\/www.granitimaurino.ch\/fr\/le-pont-du-cevio\/","og_locale":"fr_FR","og_type":"article","og_title":"Le pont de Cevio : un symbole de renaissance pour le Vallemaggia - Graniti Maurino","og_description":"D\u00e9couvrez la conception du nouveau pont de Cevio par Calatrava. Une \u0153uvre qui allie tradition et innovation","og_url":"https:\/\/www.granitimaurino.ch\/fr\/le-pont-du-cevio\/","og_site_name":"Graniti Maurino","article_published_time":"2025-02-03T14:09:00+00:00","article_modified_time":"2025-02-03T14:14:39+00:00","og_image":[{"width":1600,"height":1130,"url":"https:\/\/www.granitimaurino.ch\/wp-content\/uploads\/2025\/02\/Ponte_stradale_di_Visletto_crollato_2024_B.jpg","type":"image\/jpeg"}],"twitter_card":"summary_large_image","twitter_creator":"@maurino","twitter_misc":{"\u00c9crit par":"Graniti Maurino","Dur\u00e9e de lecture estim\u00e9e":"2 minutes"},"schema":{"@context":"https:\/\/schema.org","@graph":[{"@type":"Organization","@id":"https:\/\/www.granitimaurino.ch\/#organization","name":"Graniti Maurino","url":"https:\/\/www.granitimaurino.ch\/","sameAs":[],"logo":{"@type":"ImageObject","@id":"https:\/\/www.granitimaurino.ch\/#logo","inLanguage":"fr-FR","url":"https:\/\/www.granitimaurino.ch\/wp-content\/uploads\/2021\/12\/logo.png","contentUrl":"https:\/\/www.granitimaurino.ch\/wp-content\/uploads\/2021\/12\/logo.png","width":500,"height":104,"caption":"Graniti Maurino"},"image":{"@id":"https:\/\/www.granitimaurino.ch\/#logo"}},{"@type":"WebSite","@id":"https:\/\/www.granitimaurino.ch\/#website","url":"https:\/\/www.granitimaurino.ch\/","name":"Graniti Maurino","description":"Pietre svizzere autentiche","publisher":{"@id":"https:\/\/www.granitimaurino.ch\/#organization"},"potentialAction":[{"@type":"SearchAction","target":{"@type":"EntryPoint","urlTemplate":"https:\/\/www.granitimaurino.ch\/?s={search_term_string}"},"query-input":"required name=search_term_string"}],"inLanguage":"fr-FR"},{"@type":"ImageObject","@id":"https:\/\/www.granitimaurino.ch\/fr\/le-pont-du-cevio\/#primaryimage","inLanguage":"fr-FR","url":"https:\/\/www.granitimaurino.ch\/wp-content\/uploads\/2025\/02\/Ponte_stradale_di_Visletto_crollato_2024_B.jpg","contentUrl":"https:\/\/www.granitimaurino.ch\/wp-content\/uploads\/2025\/02\/Ponte_stradale_di_Visletto_crollato_2024_B.jpg","width":1600,"height":1130},{"@type":"WebPage","@id":"https:\/\/www.granitimaurino.ch\/fr\/le-pont-du-cevio\/#webpage","url":"https:\/\/www.granitimaurino.ch\/fr\/le-pont-du-cevio\/","name":"Le pont de Cevio : un symbole de renaissance pour le Vallemaggia - Graniti Maurino","isPartOf":{"@id":"https:\/\/www.granitimaurino.ch\/#website"},"primaryImageOfPage":{"@id":"https:\/\/www.granitimaurino.ch\/fr\/le-pont-du-cevio\/#primaryimage"},"datePublished":"2025-02-03T14:09:00+00:00","dateModified":"2025-02-03T14:14:39+00:00","description":"D\u00e9couvrez la conception du nouveau pont de Cevio par Calatrava. Une \u0153uvre qui allie tradition et innovation","breadcrumb":{"@id":"https:\/\/www.granitimaurino.ch\/fr\/le-pont-du-cevio\/#breadcrumb"},"inLanguage":"fr-FR","potentialAction":[{"@type":"ReadAction","target":["https:\/\/www.granitimaurino.ch\/fr\/le-pont-du-cevio\/"]}]},{"@type":"BreadcrumbList","@id":"https:\/\/www.granitimaurino.ch\/fr\/le-pont-du-cevio\/#breadcrumb","itemListElement":[{"@type":"ListItem","position":1,"name":"Home","item":"https:\/\/www.granitimaurino.ch\/fr\/"},{"@type":"ListItem","position":2,"name":"Le pont de Cevio : un symbole de renaissance pour le Vallemaggia"}]},{"@type":"Article","@id":"https:\/\/www.granitimaurino.ch\/fr\/le-pont-du-cevio\/#article","isPartOf":{"@id":"https:\/\/www.granitimaurino.ch\/fr\/le-pont-du-cevio\/#webpage"},"author":{"@id":"https:\/\/www.granitimaurino.ch\/#\/schema\/person\/2ce3afa490526919a99d9b01dd1c222b"},"headline":"Le pont de Cevio : un symbole de renaissance pour le Vallemaggia","datePublished":"2025-02-03T14:09:00+00:00","dateModified":"2025-02-03T14:14:39+00:00","mainEntityOfPage":{"@id":"https:\/\/www.granitimaurino.ch\/fr\/le-pont-du-cevio\/#webpage"},"wordCount":317,"publisher":{"@id":"https:\/\/www.granitimaurino.ch\/#organization"},"image":{"@id":"https:\/\/www.granitimaurino.ch\/fr\/le-pont-du-cevio\/#primaryimage"},"thumbnailUrl":"https:\/\/www.granitimaurino.ch\/wp-content\/uploads\/2025\/02\/Ponte_stradale_di_Visletto_crollato_2024_B.jpg","articleSection":["Press"],"inLanguage":"fr-FR"},{"@type":"Person","@id":"https:\/\/www.granitimaurino.ch\/#\/schema\/person\/2ce3afa490526919a99d9b01dd1c222b","name":"Graniti Maurino","image":{"@type":"ImageObject","@id":"https:\/\/www.granitimaurino.ch\/#personlogo","inLanguage":"fr-FR","url":"https:\/\/secure.gravatar.com\/avatar\/b0f7dbf224cc37b867650cc9ce06acfad81a67271f3281438247d36fba84b799?s=96&d=mm&r=g","contentUrl":"https:\/\/secure.gravatar.com\/avatar\/b0f7dbf224cc37b867650cc9ce06acfad81a67271f3281438247d36fba84b799?s=96&d=mm&r=g","caption":"Graniti Maurino"},"sameAs":["https:\/\/www.instagram.com\/granitimaurino.ch\/","https:\/\/twitter.com\/maurino"]}]}},"_links":{"self":[{"href":"https:\/\/www.granitimaurino.ch\/fr\/wp-json\/wp\/v2\/posts\/9725","targetHints":{"allow":["GET"]}}],"collection":[{"href":"https:\/\/www.granitimaurino.ch\/fr\/wp-json\/wp\/v2\/posts"}],"about":[{"href":"https:\/\/www.granitimaurino.ch\/fr\/wp-json\/wp\/v2\/types\/post"}],"author":[{"embeddable":true,"href":"https:\/\/www.granitimaurino.ch\/fr\/wp-json\/wp\/v2\/users\/2"}],"replies":[{"embeddable":true,"href":"https:\/\/www.granitimaurino.ch\/fr\/wp-json\/wp\/v2\/comments?post=9725"}],"version-history":[{"count":2,"href":"https:\/\/www.granitimaurino.ch\/fr\/wp-json\/wp\/v2\/posts\/9725\/revisions"}],"predecessor-version":[{"id":9728,"href":"https:\/\/www.granitimaurino.ch\/fr\/wp-json\/wp\/v2\/posts\/9725\/revisions\/9728"}],"wp:featuredmedia":[{"embeddable":true,"href":"https:\/\/www.granitimaurino.ch\/fr\/wp-json\/wp\/v2\/media\/9720"}],"wp:attachment":[{"href":"https:\/\/www.granitimaurino.ch\/fr\/wp-json\/wp\/v2\/media?parent=9725"}],"wp:term":[{"taxonomy":"category","embeddable":true,"href":"https:\/\/www.granitimaurino.ch\/fr\/wp-json\/wp\/v2\/categories?post=9725"}],"curies":[{"name":"wp","href":"https:\/\/api.w.org\/{rel}","templated":true}]}}