{"id":9705,"date":"2025-01-24T16:00:17","date_gmt":"2025-01-24T15:00:17","guid":{"rendered":"https:\/\/www.granitimaurino.ch\/?p=9705"},"modified":"2025-01-24T16:23:34","modified_gmt":"2025-01-24T15:23:34","slug":"construction-consciente-granit-durable","status":"publish","type":"post","link":"https:\/\/www.granitimaurino.ch\/fr\/construction-consciente-granit-durable\/","title":{"rendered":"Le d\u00e9fi d&rsquo;aujourd&rsquo;hui : une construction consciente"},"content":{"rendered":"<p>Chaque projet de construction commence par une responsabilit\u00e9 fondamentale :<strong> comment promouvoir une construction consciente sans compromettre l&rsquo;avenir ?<\/strong> Le choix des mat\u00e9riaux joue un r\u00f4le crucial dans ce d\u00e9fi, exigeant des solutions qui allient durabilit\u00e9, long\u00e9vit\u00e9 et esth\u00e9tique. Certaines entreprises, gr\u00e2ce \u00e0 une exp\u00e9rience consolid\u00e9e au fil du temps, offrent non seulement des mat\u00e9riaux de qualit\u00e9 tels que le granit et le <span style=\"text-decoration: underline;\"><a href=\"http:\/\/ww.crstallinamarmo.ch\">marbre<\/a><\/span>, mais \u00e9galement des solutions innovantes pour combiner qualit\u00e9 et respect de l&rsquo;environnement.<\/p>\n<p>Dans ce contexte, notre entreprise, <span style=\"text-decoration: underline;\"><a href=\"http:\/\/www.granitimaurino.ch\"><strong>Graniti Maurino SA<\/strong><\/a><\/span>, se distingue par sa capacit\u00e9 \u00e0 transformer des mat\u00e9riaux naturels en solutions uniques et sur mesure, id\u00e9ales pour une construction consciente. Forte d&rsquo;une exp\u00e9rience s\u00e9culaire et d&rsquo;un engagement constant envers la durabilit\u00e9, nous nous consacrons \u00e0 la s\u00e9lection, au travail et \u00e0 la valorisation de granits et marbres de haute qualit\u00e9.<\/p>\n<p>De la s\u00e9lection des mati\u00e8res premi\u00e8res au soin apport\u00e9 \u00e0 chaque d\u00e9tail lors du processus de transformation, nous veillons \u00e0 ce que chaque pierre raconte une histoire d&rsquo;excellence et d&rsquo;innovation. Cette approche nous permet de r\u00e9pondre aux exigences des projets les plus ambitieux, en proposant non seulement des mat\u00e9riaux exceptionnels, mais aussi un accompagnement complet et personnalis\u00e9 \u00e0 chaque \u00e9tape.<\/p>\n<p>Si vous \u00eates confront\u00e9 au d\u00e9fi de concilier esth\u00e9tique, durabilit\u00e9 et responsabilit\u00e9 environnementale, le granit repr\u00e9sente une solution naturelle et compl\u00e8te. Ce mat\u00e9riau extraordinaire, appr\u00e9ci\u00e9 depuis des si\u00e8cles, poss\u00e8de des caract\u00e9ristiques uniques qui en font un choix id\u00e9al pour r\u00e9pondre aux besoins des projets les plus exigeants.<\/p>\n<p>Sa r\u00e9sistance et sa long\u00e9vit\u00e9 en font une option qui traverse le temps sans perdre ses qualit\u00e9s, r\u00e9duisant consid\u00e9rablement la n\u00e9cessit\u00e9 de maintenance ou de remplacement. Cela garantit non seulement une valeur durable, mais contribue \u00e9galement \u00e0 limiter l&rsquo;impact environnemental \u00e0 long terme.<\/p>\n<p>Extrait directement de la terre, le granit ne n\u00e9cessite pas de processus chimiques complexes, ce qui en fait un mat\u00e9riau intrins\u00e8quement durable. Contrairement aux mat\u00e9riaux industriels, il pr\u00e9serve la puret\u00e9 de la nature et offre une solution plus respectueuse de l&rsquo;environnement.<\/p>\n<p>Enfin, sa polyvalence en fait un choix parfait pour une large gamme d&rsquo;applications. Qu&rsquo;il s&rsquo;agisse de surfaces \u00e9l\u00e9gantes pour l&rsquo;int\u00e9rieur, de rev\u00eatements raffin\u00e9s ou de structures monumentales, le granit s&rsquo;adapte naturellement \u00e0 tout contexte architectural, le sublimant par son esth\u00e9tique unique et sa robustesse intrins\u00e8que.<\/p>\n<p>&nbsp;<\/p>\n","protected":false},"excerpt":{"rendered":"<p>Chaque projet de construction commence par une responsabilit\u00e9 fondamentale : comment promouvoir une construction consciente sans compromettre l&rsquo;avenir ? Le choix des mat\u00e9riaux joue un r\u00f4le crucial dans ce d\u00e9fi, exigeant des solutions qui allient durabilit\u00e9, long\u00e9vit\u00e9 et esth\u00e9tique. Certaines&#8230;<\/p>\n","protected":false},"author":2,"featured_media":9687,"comment_status":"closed","ping_status":"closed","sticky":false,"template":"","format":"standard","meta":{"footnotes":""},"categories":[2],"class_list":["post-9705","post","type-post","status-publish","format-standard","has-post-thumbnail","hentry","category-press-fr"],"acf":[],"yoast_head":"<!-- This site is optimized with the Yoast SEO plugin v17.9 - https:\/\/yoast.com\/wordpress\/plugins\/seo\/ -->\n<meta name=\"description\" content=\"D\u00e9couvrez comment le granit et le marbre peuvent transformer votre projet en un exemple de construction consciente, alliant durabilit\u00e9 et p\u00e9rennit\u00e9.\" \/>\n<meta name=\"robots\" content=\"index, follow, max-snippet:-1, max-image-preview:large, max-video-preview:-1\" \/>\n<link rel=\"canonical\" href=\"https:\/\/www.granitimaurino.ch\/fr\/construction-consciente-granit-durable\/\" \/>\n<meta property=\"og:locale\" content=\"fr_FR\" \/>\n<meta property=\"og:type\" content=\"article\" \/>\n<meta property=\"og:title\" content=\"Le d\u00e9fi d&#039;aujourd&#039;hui : une construction consciente - Graniti Maurino\" \/>\n<meta property=\"og:description\" content=\"D\u00e9couvrez comment le granit et le marbre peuvent transformer votre projet en un exemple de construction consciente, alliant durabilit\u00e9 et p\u00e9rennit\u00e9.\" \/>\n<meta property=\"og:url\" content=\"https:\/\/www.granitimaurino.ch\/fr\/construction-consciente-granit-durable\/\" \/>\n<meta property=\"og:site_name\" content=\"Graniti Maurino\" \/>\n<meta property=\"article:published_time\" content=\"2025-01-24T15:00:17+00:00\" \/>\n<meta property=\"article:modified_time\" content=\"2025-01-24T15:23:34+00:00\" \/>\n<meta property=\"og:image\" content=\"https:\/\/www.granitimaurino.ch\/wp-content\/uploads\/2024\/06\/graniti-maurino-progetti-architettura-edile-apple-milano-3-scaled.jpg\" \/>\n\t<meta property=\"og:image:width\" content=\"2560\" \/>\n\t<meta property=\"og:image:height\" content=\"1244\" \/>\n\t<meta property=\"og:image:type\" content=\"image\/jpeg\" \/>\n<meta name=\"twitter:card\" content=\"summary_large_image\" \/>\n<meta name=\"twitter:creator\" content=\"@maurino\" \/>\n<meta name=\"twitter:label1\" content=\"\u00c9crit par\" \/>\n\t<meta name=\"twitter:data1\" content=\"Graniti Maurino\" \/>\n\t<meta name=\"twitter:label2\" content=\"Dur\u00e9e de lecture estim\u00e9e\" \/>\n\t<meta name=\"twitter:data2\" content=\"2 minutes\" \/>\n<script type=\"application\/ld+json\" class=\"yoast-schema-graph\">{\"@context\":\"https:\/\/schema.org\",\"@graph\":[{\"@type\":\"Organization\",\"@id\":\"https:\/\/www.granitimaurino.ch\/#organization\",\"name\":\"Graniti Maurino\",\"url\":\"https:\/\/www.granitimaurino.ch\/\",\"sameAs\":[],\"logo\":{\"@type\":\"ImageObject\",\"@id\":\"https:\/\/www.granitimaurino.ch\/#logo\",\"inLanguage\":\"fr-FR\",\"url\":\"https:\/\/www.granitimaurino.ch\/wp-content\/uploads\/2021\/12\/logo.png\",\"contentUrl\":\"https:\/\/www.granitimaurino.ch\/wp-content\/uploads\/2021\/12\/logo.png\",\"width\":500,\"height\":104,\"caption\":\"Graniti Maurino\"},\"image\":{\"@id\":\"https:\/\/www.granitimaurino.ch\/#logo\"}},{\"@type\":\"WebSite\",\"@id\":\"https:\/\/www.granitimaurino.ch\/#website\",\"url\":\"https:\/\/www.granitimaurino.ch\/\",\"name\":\"Graniti Maurino\",\"description\":\"Pietre svizzere autentiche\",\"publisher\":{\"@id\":\"https:\/\/www.granitimaurino.ch\/#organization\"},\"potentialAction\":[{\"@type\":\"SearchAction\",\"target\":{\"@type\":\"EntryPoint\",\"urlTemplate\":\"https:\/\/www.granitimaurino.ch\/?s={search_term_string}\"},\"query-input\":\"required name=search_term_string\"}],\"inLanguage\":\"fr-FR\"},{\"@type\":\"ImageObject\",\"@id\":\"https:\/\/www.granitimaurino.ch\/fr\/construction-consciente-granit-durable\/#primaryimage\",\"inLanguage\":\"fr-FR\",\"url\":\"https:\/\/www.granitimaurino.ch\/wp-content\/uploads\/2024\/06\/graniti-maurino-progetti-architettura-edile-apple-milano-3-scaled.jpg\",\"contentUrl\":\"https:\/\/www.granitimaurino.ch\/wp-content\/uploads\/2024\/06\/graniti-maurino-progetti-architettura-edile-apple-milano-3-scaled.jpg\",\"width\":2560,\"height\":1244,\"caption\":\"Apple Store di Milano\"},{\"@type\":\"WebPage\",\"@id\":\"https:\/\/www.granitimaurino.ch\/fr\/construction-consciente-granit-durable\/#webpage\",\"url\":\"https:\/\/www.granitimaurino.ch\/fr\/construction-consciente-granit-durable\/\",\"name\":\"Le d\\u00e9fi d'aujourd'hui : une construction consciente - Graniti Maurino\",\"isPartOf\":{\"@id\":\"https:\/\/www.granitimaurino.ch\/#website\"},\"primaryImageOfPage\":{\"@id\":\"https:\/\/www.granitimaurino.ch\/fr\/construction-consciente-granit-durable\/#primaryimage\"},\"datePublished\":\"2025-01-24T15:00:17+00:00\",\"dateModified\":\"2025-01-24T15:23:34+00:00\",\"description\":\"D\\u00e9couvrez comment le granit et le marbre peuvent transformer votre projet en un exemple de construction consciente, alliant durabilit\\u00e9 et p\\u00e9rennit\\u00e9.\",\"breadcrumb\":{\"@id\":\"https:\/\/www.granitimaurino.ch\/fr\/construction-consciente-granit-durable\/#breadcrumb\"},\"inLanguage\":\"fr-FR\",\"potentialAction\":[{\"@type\":\"ReadAction\",\"target\":[\"https:\/\/www.granitimaurino.ch\/fr\/construction-consciente-granit-durable\/\"]}]},{\"@type\":\"BreadcrumbList\",\"@id\":\"https:\/\/www.granitimaurino.ch\/fr\/construction-consciente-granit-durable\/#breadcrumb\",\"itemListElement\":[{\"@type\":\"ListItem\",\"position\":1,\"name\":\"Home\",\"item\":\"https:\/\/www.granitimaurino.ch\/fr\/\"},{\"@type\":\"ListItem\",\"position\":2,\"name\":\"Le d\\u00e9fi d&#8217;aujourd&#8217;hui : une construction consciente\"}]},{\"@type\":\"Article\",\"@id\":\"https:\/\/www.granitimaurino.ch\/fr\/construction-consciente-granit-durable\/#article\",\"isPartOf\":{\"@id\":\"https:\/\/www.granitimaurino.ch\/fr\/construction-consciente-granit-durable\/#webpage\"},\"author\":{\"@id\":\"https:\/\/www.granitimaurino.ch\/#\/schema\/person\/2ce3afa490526919a99d9b01dd1c222b\"},\"headline\":\"Le d\\u00e9fi d&rsquo;aujourd&rsquo;hui : une construction consciente\",\"datePublished\":\"2025-01-24T15:00:17+00:00\",\"dateModified\":\"2025-01-24T15:23:34+00:00\",\"mainEntityOfPage\":{\"@id\":\"https:\/\/www.granitimaurino.ch\/fr\/construction-consciente-granit-durable\/#webpage\"},\"wordCount\":415,\"publisher\":{\"@id\":\"https:\/\/www.granitimaurino.ch\/#organization\"},\"image\":{\"@id\":\"https:\/\/www.granitimaurino.ch\/fr\/construction-consciente-granit-durable\/#primaryimage\"},\"thumbnailUrl\":\"https:\/\/www.granitimaurino.ch\/wp-content\/uploads\/2024\/06\/graniti-maurino-progetti-architettura-edile-apple-milano-3-scaled.jpg\",\"articleSection\":[\"Press\"],\"inLanguage\":\"fr-FR\"},{\"@type\":\"Person\",\"@id\":\"https:\/\/www.granitimaurino.ch\/#\/schema\/person\/2ce3afa490526919a99d9b01dd1c222b\",\"name\":\"Graniti Maurino\",\"image\":{\"@type\":\"ImageObject\",\"@id\":\"https:\/\/www.granitimaurino.ch\/#personlogo\",\"inLanguage\":\"fr-FR\",\"url\":\"https:\/\/secure.gravatar.com\/avatar\/b0f7dbf224cc37b867650cc9ce06acfad81a67271f3281438247d36fba84b799?s=96&d=mm&r=g\",\"contentUrl\":\"https:\/\/secure.gravatar.com\/avatar\/b0f7dbf224cc37b867650cc9ce06acfad81a67271f3281438247d36fba84b799?s=96&d=mm&r=g\",\"caption\":\"Graniti Maurino\"},\"sameAs\":[\"https:\/\/www.instagram.com\/granitimaurino.ch\/\",\"https:\/\/twitter.com\/maurino\"]}]}<\/script>\n<!-- \/ Yoast SEO plugin. -->","yoast_head_json":{"description":"D\u00e9couvrez comment le granit et le marbre peuvent transformer votre projet en un exemple de construction consciente, alliant durabilit\u00e9 et p\u00e9rennit\u00e9.","robots":{"index":"index","follow":"follow","max-snippet":"max-snippet:-1","max-image-preview":"max-image-preview:large","max-video-preview":"max-video-preview:-1"},"canonical":"https:\/\/www.granitimaurino.ch\/fr\/construction-consciente-granit-durable\/","og_locale":"fr_FR","og_type":"article","og_title":"Le d\u00e9fi d'aujourd'hui : une construction consciente - Graniti Maurino","og_description":"D\u00e9couvrez comment le granit et le marbre peuvent transformer votre projet en un exemple de construction consciente, alliant durabilit\u00e9 et p\u00e9rennit\u00e9.","og_url":"https:\/\/www.granitimaurino.ch\/fr\/construction-consciente-granit-durable\/","og_site_name":"Graniti Maurino","article_published_time":"2025-01-24T15:00:17+00:00","article_modified_time":"2025-01-24T15:23:34+00:00","og_image":[{"width":2560,"height":1244,"url":"https:\/\/www.granitimaurino.ch\/wp-content\/uploads\/2024\/06\/graniti-maurino-progetti-architettura-edile-apple-milano-3-scaled.jpg","type":"image\/jpeg"}],"twitter_card":"summary_large_image","twitter_creator":"@maurino","twitter_misc":{"\u00c9crit par":"Graniti Maurino","Dur\u00e9e de lecture estim\u00e9e":"2 minutes"},"schema":{"@context":"https:\/\/schema.org","@graph":[{"@type":"Organization","@id":"https:\/\/www.granitimaurino.ch\/#organization","name":"Graniti Maurino","url":"https:\/\/www.granitimaurino.ch\/","sameAs":[],"logo":{"@type":"ImageObject","@id":"https:\/\/www.granitimaurino.ch\/#logo","inLanguage":"fr-FR","url":"https:\/\/www.granitimaurino.ch\/wp-content\/uploads\/2021\/12\/logo.png","contentUrl":"https:\/\/www.granitimaurino.ch\/wp-content\/uploads\/2021\/12\/logo.png","width":500,"height":104,"caption":"Graniti Maurino"},"image":{"@id":"https:\/\/www.granitimaurino.ch\/#logo"}},{"@type":"WebSite","@id":"https:\/\/www.granitimaurino.ch\/#website","url":"https:\/\/www.granitimaurino.ch\/","name":"Graniti Maurino","description":"Pietre svizzere autentiche","publisher":{"@id":"https:\/\/www.granitimaurino.ch\/#organization"},"potentialAction":[{"@type":"SearchAction","target":{"@type":"EntryPoint","urlTemplate":"https:\/\/www.granitimaurino.ch\/?s={search_term_string}"},"query-input":"required name=search_term_string"}],"inLanguage":"fr-FR"},{"@type":"ImageObject","@id":"https:\/\/www.granitimaurino.ch\/fr\/construction-consciente-granit-durable\/#primaryimage","inLanguage":"fr-FR","url":"https:\/\/www.granitimaurino.ch\/wp-content\/uploads\/2024\/06\/graniti-maurino-progetti-architettura-edile-apple-milano-3-scaled.jpg","contentUrl":"https:\/\/www.granitimaurino.ch\/wp-content\/uploads\/2024\/06\/graniti-maurino-progetti-architettura-edile-apple-milano-3-scaled.jpg","width":2560,"height":1244,"caption":"Apple Store di Milano"},{"@type":"WebPage","@id":"https:\/\/www.granitimaurino.ch\/fr\/construction-consciente-granit-durable\/#webpage","url":"https:\/\/www.granitimaurino.ch\/fr\/construction-consciente-granit-durable\/","name":"Le d\u00e9fi d'aujourd'hui : une construction consciente - Graniti Maurino","isPartOf":{"@id":"https:\/\/www.granitimaurino.ch\/#website"},"primaryImageOfPage":{"@id":"https:\/\/www.granitimaurino.ch\/fr\/construction-consciente-granit-durable\/#primaryimage"},"datePublished":"2025-01-24T15:00:17+00:00","dateModified":"2025-01-24T15:23:34+00:00","description":"D\u00e9couvrez comment le granit et le marbre peuvent transformer votre projet en un exemple de construction consciente, alliant durabilit\u00e9 et p\u00e9rennit\u00e9.","breadcrumb":{"@id":"https:\/\/www.granitimaurino.ch\/fr\/construction-consciente-granit-durable\/#breadcrumb"},"inLanguage":"fr-FR","potentialAction":[{"@type":"ReadAction","target":["https:\/\/www.granitimaurino.ch\/fr\/construction-consciente-granit-durable\/"]}]},{"@type":"BreadcrumbList","@id":"https:\/\/www.granitimaurino.ch\/fr\/construction-consciente-granit-durable\/#breadcrumb","itemListElement":[{"@type":"ListItem","position":1,"name":"Home","item":"https:\/\/www.granitimaurino.ch\/fr\/"},{"@type":"ListItem","position":2,"name":"Le d\u00e9fi d&#8217;aujourd&#8217;hui : une construction consciente"}]},{"@type":"Article","@id":"https:\/\/www.granitimaurino.ch\/fr\/construction-consciente-granit-durable\/#article","isPartOf":{"@id":"https:\/\/www.granitimaurino.ch\/fr\/construction-consciente-granit-durable\/#webpage"},"author":{"@id":"https:\/\/www.granitimaurino.ch\/#\/schema\/person\/2ce3afa490526919a99d9b01dd1c222b"},"headline":"Le d\u00e9fi d&rsquo;aujourd&rsquo;hui : une construction consciente","datePublished":"2025-01-24T15:00:17+00:00","dateModified":"2025-01-24T15:23:34+00:00","mainEntityOfPage":{"@id":"https:\/\/www.granitimaurino.ch\/fr\/construction-consciente-granit-durable\/#webpage"},"wordCount":415,"publisher":{"@id":"https:\/\/www.granitimaurino.ch\/#organization"},"image":{"@id":"https:\/\/www.granitimaurino.ch\/fr\/construction-consciente-granit-durable\/#primaryimage"},"thumbnailUrl":"https:\/\/www.granitimaurino.ch\/wp-content\/uploads\/2024\/06\/graniti-maurino-progetti-architettura-edile-apple-milano-3-scaled.jpg","articleSection":["Press"],"inLanguage":"fr-FR"},{"@type":"Person","@id":"https:\/\/www.granitimaurino.ch\/#\/schema\/person\/2ce3afa490526919a99d9b01dd1c222b","name":"Graniti Maurino","image":{"@type":"ImageObject","@id":"https:\/\/www.granitimaurino.ch\/#personlogo","inLanguage":"fr-FR","url":"https:\/\/secure.gravatar.com\/avatar\/b0f7dbf224cc37b867650cc9ce06acfad81a67271f3281438247d36fba84b799?s=96&d=mm&r=g","contentUrl":"https:\/\/secure.gravatar.com\/avatar\/b0f7dbf224cc37b867650cc9ce06acfad81a67271f3281438247d36fba84b799?s=96&d=mm&r=g","caption":"Graniti Maurino"},"sameAs":["https:\/\/www.instagram.com\/granitimaurino.ch\/","https:\/\/twitter.com\/maurino"]}]}},"_links":{"self":[{"href":"https:\/\/www.granitimaurino.ch\/fr\/wp-json\/wp\/v2\/posts\/9705","targetHints":{"allow":["GET"]}}],"collection":[{"href":"https:\/\/www.granitimaurino.ch\/fr\/wp-json\/wp\/v2\/posts"}],"about":[{"href":"https:\/\/www.granitimaurino.ch\/fr\/wp-json\/wp\/v2\/types\/post"}],"author":[{"embeddable":true,"href":"https:\/\/www.granitimaurino.ch\/fr\/wp-json\/wp\/v2\/users\/2"}],"replies":[{"embeddable":true,"href":"https:\/\/www.granitimaurino.ch\/fr\/wp-json\/wp\/v2\/comments?post=9705"}],"version-history":[{"count":3,"href":"https:\/\/www.granitimaurino.ch\/fr\/wp-json\/wp\/v2\/posts\/9705\/revisions"}],"predecessor-version":[{"id":9713,"href":"https:\/\/www.granitimaurino.ch\/fr\/wp-json\/wp\/v2\/posts\/9705\/revisions\/9713"}],"wp:featuredmedia":[{"embeddable":true,"href":"https:\/\/www.granitimaurino.ch\/fr\/wp-json\/wp\/v2\/media\/9687"}],"wp:attachment":[{"href":"https:\/\/www.granitimaurino.ch\/fr\/wp-json\/wp\/v2\/media?parent=9705"}],"wp:term":[{"taxonomy":"category","embeddable":true,"href":"https:\/\/www.granitimaurino.ch\/fr\/wp-json\/wp\/v2\/categories?post=9705"}],"curies":[{"name":"wp","href":"https:\/\/api.w.org\/{rel}","templated":true}]}}