{"id":8174,"date":"2021-11-22T11:24:32","date_gmt":"2021-11-22T10:24:32","guid":{"rendered":"https:\/\/www.granitimaurino.ch\/il-marmo-cristallina-lunico-marmo-svizzero-porta-al-successo-03-10-21\/"},"modified":"2022-02-03T08:32:48","modified_gmt":"2022-02-03T07:32:48","slug":"notre-granit-transporte-par-chevaux-au-cervin","status":"publish","type":"post","link":"https:\/\/www.granitimaurino.ch\/fr\/notre-granit-transporte-par-chevaux-au-cervin\/","title":{"rendered":"Notre granit transport\u00e9 par des chevaux au pied du Cervin"},"content":{"rendered":"<p>Comme le rapportait <strong><a href=\"https:\/\/www.swissinfo.ch\/ger\/alle-news-in-kuerze\/pferde-transportierten-bodenplatten-zur-hoernlihuette\/40564446\" target=\"_blank\" rel=\"noopener\">swissinfo.ch\u00a0<\/a><\/strong>le 20 ao\u00fbt 2014, les travaux de r\u00e9novation de la cabane H\u00f6rnlih\u00fctte, au pied du Cervin pr\u00e8s de Zermatt, ont commenc\u00e9 comme au d\u00e9but du XXe si\u00e8cle.<\/p>\n<p><strong>Quatre tonnes de dalles de notre granit Maggia Vellutos\u00ae ont \u00e9t\u00e9 transport\u00e9es \u00e0 cheval jusqu&rsquo;\u00e0 la cabane.<\/strong> Quatorze chevaux de l&rsquo;arm\u00e9e suisse ont port\u00e9 nos pierres sur une certaine distance, apr\u00e8s quoi elles ont \u00e9t\u00e9 transport\u00e9es par h\u00e9licopt\u00e8re car le dernier tron\u00e7on jusqu&rsquo;\u00e0 la cabane \u00e0 3260 m d&rsquo;altitude \u00e9tait trop difficile pour les chevaux.<\/p>\n","protected":false},"excerpt":{"rendered":"<p>Comme le rapportait swissinfo.ch\u00a0le 20 ao\u00fbt 2014, les travaux de r\u00e9novation de la cabane H\u00f6rnlih\u00fctte, au pied du Cervin pr\u00e8s de Zermatt, ont commenc\u00e9 comme au d\u00e9but du XXe si\u00e8cle. Quatre tonnes de dalles de notre granit Maggia Vellutos\u00ae ont&#8230;<\/p>\n","protected":false},"author":1,"featured_media":2390,"comment_status":"closed","ping_status":"closed","sticky":false,"template":"","format":"standard","meta":{"footnotes":""},"categories":[2],"class_list":["post-8174","post","type-post","status-publish","format-standard","has-post-thumbnail","hentry","category-press-fr"],"acf":[],"yoast_head":"<!-- This site is optimized with the Yoast SEO plugin v17.9 - https:\/\/yoast.com\/wordpress\/plugins\/seo\/ -->\n<meta name=\"robots\" content=\"index, follow, max-snippet:-1, max-image-preview:large, max-video-preview:-1\" \/>\n<link rel=\"canonical\" href=\"https:\/\/www.granitimaurino.ch\/fr\/notre-granit-transporte-par-chevaux-au-cervin\/\" \/>\n<meta property=\"og:locale\" content=\"fr_FR\" \/>\n<meta property=\"og:type\" content=\"article\" \/>\n<meta property=\"og:title\" content=\"Notre granit transport\u00e9 par des chevaux au pied du Cervin - Graniti Maurino\" \/>\n<meta property=\"og:description\" content=\"Comme le rapportait swissinfo.ch\u00a0le 20 ao\u00fbt 2014, les travaux de r\u00e9novation de la cabane H\u00f6rnlih\u00fctte, au pied du Cervin pr\u00e8s de Zermatt, ont commenc\u00e9 comme au d\u00e9but du XXe si\u00e8cle. Quatre tonnes de dalles de notre granit Maggia Vellutos\u00ae ont...\" \/>\n<meta property=\"og:url\" content=\"https:\/\/www.granitimaurino.ch\/fr\/notre-granit-transporte-par-chevaux-au-cervin\/\" \/>\n<meta property=\"og:site_name\" content=\"Graniti Maurino\" \/>\n<meta property=\"article:published_time\" content=\"2021-11-22T10:24:32+00:00\" \/>\n<meta property=\"article:modified_time\" content=\"2022-02-03T07:32:48+00:00\" \/>\n<meta property=\"og:image\" content=\"https:\/\/www.granitimaurino.ch\/wp-content\/uploads\/2021\/12\/graniti-maurino-realizzazioni-hornlihutte-thumb.jpg\" \/>\n\t<meta property=\"og:image:width\" content=\"2000\" \/>\n\t<meta property=\"og:image:height\" content=\"1333\" \/>\n\t<meta property=\"og:image:type\" content=\"image\/jpeg\" \/>\n<meta name=\"twitter:card\" content=\"summary_large_image\" \/>\n<meta name=\"twitter:label1\" content=\"\u00c9crit par\" \/>\n\t<meta name=\"twitter:data1\" content=\"neiko\" \/>\n<script type=\"application\/ld+json\" class=\"yoast-schema-graph\">{\"@context\":\"https:\/\/schema.org\",\"@graph\":[{\"@type\":\"Organization\",\"@id\":\"https:\/\/www.granitimaurino.ch\/#organization\",\"name\":\"Graniti Maurino\",\"url\":\"https:\/\/www.granitimaurino.ch\/\",\"sameAs\":[],\"logo\":{\"@type\":\"ImageObject\",\"@id\":\"https:\/\/www.granitimaurino.ch\/#logo\",\"inLanguage\":\"fr-FR\",\"url\":\"https:\/\/www.granitimaurino.ch\/wp-content\/uploads\/2021\/12\/logo.png\",\"contentUrl\":\"https:\/\/www.granitimaurino.ch\/wp-content\/uploads\/2021\/12\/logo.png\",\"width\":500,\"height\":104,\"caption\":\"Graniti Maurino\"},\"image\":{\"@id\":\"https:\/\/www.granitimaurino.ch\/#logo\"}},{\"@type\":\"WebSite\",\"@id\":\"https:\/\/www.granitimaurino.ch\/#website\",\"url\":\"https:\/\/www.granitimaurino.ch\/\",\"name\":\"Graniti Maurino\",\"description\":\"Pietre svizzere autentiche\",\"publisher\":{\"@id\":\"https:\/\/www.granitimaurino.ch\/#organization\"},\"potentialAction\":[{\"@type\":\"SearchAction\",\"target\":{\"@type\":\"EntryPoint\",\"urlTemplate\":\"https:\/\/www.granitimaurino.ch\/?s={search_term_string}\"},\"query-input\":\"required name=search_term_string\"}],\"inLanguage\":\"fr-FR\"},{\"@type\":\"ImageObject\",\"@id\":\"https:\/\/www.granitimaurino.ch\/fr\/notre-granit-transporte-par-chevaux-au-cervin\/#primaryimage\",\"inLanguage\":\"fr-FR\",\"url\":\"https:\/\/www.granitimaurino.ch\/wp-content\/uploads\/2021\/12\/graniti-maurino-realizzazioni-hornlihutte-thumb.jpg\",\"contentUrl\":\"https:\/\/www.granitimaurino.ch\/wp-content\/uploads\/2021\/12\/graniti-maurino-realizzazioni-hornlihutte-thumb.jpg\",\"width\":2000,\"height\":1333},{\"@type\":\"WebPage\",\"@id\":\"https:\/\/www.granitimaurino.ch\/fr\/notre-granit-transporte-par-chevaux-au-cervin\/#webpage\",\"url\":\"https:\/\/www.granitimaurino.ch\/fr\/notre-granit-transporte-par-chevaux-au-cervin\/\",\"name\":\"Notre granit transport\\u00e9 par des chevaux au pied du Cervin - Graniti Maurino\",\"isPartOf\":{\"@id\":\"https:\/\/www.granitimaurino.ch\/#website\"},\"primaryImageOfPage\":{\"@id\":\"https:\/\/www.granitimaurino.ch\/fr\/notre-granit-transporte-par-chevaux-au-cervin\/#primaryimage\"},\"datePublished\":\"2021-11-22T10:24:32+00:00\",\"dateModified\":\"2022-02-03T07:32:48+00:00\",\"breadcrumb\":{\"@id\":\"https:\/\/www.granitimaurino.ch\/fr\/notre-granit-transporte-par-chevaux-au-cervin\/#breadcrumb\"},\"inLanguage\":\"fr-FR\",\"potentialAction\":[{\"@type\":\"ReadAction\",\"target\":[\"https:\/\/www.granitimaurino.ch\/fr\/notre-granit-transporte-par-chevaux-au-cervin\/\"]}]},{\"@type\":\"BreadcrumbList\",\"@id\":\"https:\/\/www.granitimaurino.ch\/fr\/notre-granit-transporte-par-chevaux-au-cervin\/#breadcrumb\",\"itemListElement\":[{\"@type\":\"ListItem\",\"position\":1,\"name\":\"Home\",\"item\":\"https:\/\/www.granitimaurino.ch\/fr\/\"},{\"@type\":\"ListItem\",\"position\":2,\"name\":\"Notre granit transport\\u00e9 par des chevaux au pied du Cervin\"}]},{\"@type\":\"Article\",\"@id\":\"https:\/\/www.granitimaurino.ch\/fr\/notre-granit-transporte-par-chevaux-au-cervin\/#article\",\"isPartOf\":{\"@id\":\"https:\/\/www.granitimaurino.ch\/fr\/notre-granit-transporte-par-chevaux-au-cervin\/#webpage\"},\"author\":{\"@id\":\"https:\/\/www.granitimaurino.ch\/#\/schema\/person\/85ce808dbcb39e30fd689f7a6d95a36c\"},\"headline\":\"Notre granit transport\\u00e9 par des chevaux au pied du Cervin\",\"datePublished\":\"2021-11-22T10:24:32+00:00\",\"dateModified\":\"2022-02-03T07:32:48+00:00\",\"mainEntityOfPage\":{\"@id\":\"https:\/\/www.granitimaurino.ch\/fr\/notre-granit-transporte-par-chevaux-au-cervin\/#webpage\"},\"wordCount\":106,\"publisher\":{\"@id\":\"https:\/\/www.granitimaurino.ch\/#organization\"},\"image\":{\"@id\":\"https:\/\/www.granitimaurino.ch\/fr\/notre-granit-transporte-par-chevaux-au-cervin\/#primaryimage\"},\"thumbnailUrl\":\"https:\/\/www.granitimaurino.ch\/wp-content\/uploads\/2021\/12\/graniti-maurino-realizzazioni-hornlihutte-thumb.jpg\",\"articleSection\":[\"Press\"],\"inLanguage\":\"fr-FR\"},{\"@type\":\"Person\",\"@id\":\"https:\/\/www.granitimaurino.ch\/#\/schema\/person\/85ce808dbcb39e30fd689f7a6d95a36c\",\"name\":\"neiko\",\"image\":{\"@type\":\"ImageObject\",\"@id\":\"https:\/\/www.granitimaurino.ch\/#personlogo\",\"inLanguage\":\"fr-FR\",\"url\":\"https:\/\/secure.gravatar.com\/avatar\/d09daff553fff4b13f7746939ea2ba849acdb8f8b84b4cc9eeb09c65ba8aa490?s=96&d=mm&r=g\",\"contentUrl\":\"https:\/\/secure.gravatar.com\/avatar\/d09daff553fff4b13f7746939ea2ba849acdb8f8b84b4cc9eeb09c65ba8aa490?s=96&d=mm&r=g\",\"caption\":\"neiko\"},\"sameAs\":[\"https:\/\/www.granitimaurino.ch\"]}]}<\/script>\n<!-- \/ Yoast SEO plugin. -->","yoast_head_json":{"robots":{"index":"index","follow":"follow","max-snippet":"max-snippet:-1","max-image-preview":"max-image-preview:large","max-video-preview":"max-video-preview:-1"},"canonical":"https:\/\/www.granitimaurino.ch\/fr\/notre-granit-transporte-par-chevaux-au-cervin\/","og_locale":"fr_FR","og_type":"article","og_title":"Notre granit transport\u00e9 par des chevaux au pied du Cervin - Graniti Maurino","og_description":"Comme le rapportait swissinfo.ch\u00a0le 20 ao\u00fbt 2014, les travaux de r\u00e9novation de la cabane H\u00f6rnlih\u00fctte, au pied du Cervin pr\u00e8s de Zermatt, ont commenc\u00e9 comme au d\u00e9but du XXe si\u00e8cle. Quatre tonnes de dalles de notre granit Maggia Vellutos\u00ae ont...","og_url":"https:\/\/www.granitimaurino.ch\/fr\/notre-granit-transporte-par-chevaux-au-cervin\/","og_site_name":"Graniti Maurino","article_published_time":"2021-11-22T10:24:32+00:00","article_modified_time":"2022-02-03T07:32:48+00:00","og_image":[{"width":2000,"height":1333,"url":"https:\/\/www.granitimaurino.ch\/wp-content\/uploads\/2021\/12\/graniti-maurino-realizzazioni-hornlihutte-thumb.jpg","type":"image\/jpeg"}],"twitter_card":"summary_large_image","twitter_misc":{"\u00c9crit par":"neiko"},"schema":{"@context":"https:\/\/schema.org","@graph":[{"@type":"Organization","@id":"https:\/\/www.granitimaurino.ch\/#organization","name":"Graniti Maurino","url":"https:\/\/www.granitimaurino.ch\/","sameAs":[],"logo":{"@type":"ImageObject","@id":"https:\/\/www.granitimaurino.ch\/#logo","inLanguage":"fr-FR","url":"https:\/\/www.granitimaurino.ch\/wp-content\/uploads\/2021\/12\/logo.png","contentUrl":"https:\/\/www.granitimaurino.ch\/wp-content\/uploads\/2021\/12\/logo.png","width":500,"height":104,"caption":"Graniti Maurino"},"image":{"@id":"https:\/\/www.granitimaurino.ch\/#logo"}},{"@type":"WebSite","@id":"https:\/\/www.granitimaurino.ch\/#website","url":"https:\/\/www.granitimaurino.ch\/","name":"Graniti Maurino","description":"Pietre svizzere autentiche","publisher":{"@id":"https:\/\/www.granitimaurino.ch\/#organization"},"potentialAction":[{"@type":"SearchAction","target":{"@type":"EntryPoint","urlTemplate":"https:\/\/www.granitimaurino.ch\/?s={search_term_string}"},"query-input":"required name=search_term_string"}],"inLanguage":"fr-FR"},{"@type":"ImageObject","@id":"https:\/\/www.granitimaurino.ch\/fr\/notre-granit-transporte-par-chevaux-au-cervin\/#primaryimage","inLanguage":"fr-FR","url":"https:\/\/www.granitimaurino.ch\/wp-content\/uploads\/2021\/12\/graniti-maurino-realizzazioni-hornlihutte-thumb.jpg","contentUrl":"https:\/\/www.granitimaurino.ch\/wp-content\/uploads\/2021\/12\/graniti-maurino-realizzazioni-hornlihutte-thumb.jpg","width":2000,"height":1333},{"@type":"WebPage","@id":"https:\/\/www.granitimaurino.ch\/fr\/notre-granit-transporte-par-chevaux-au-cervin\/#webpage","url":"https:\/\/www.granitimaurino.ch\/fr\/notre-granit-transporte-par-chevaux-au-cervin\/","name":"Notre granit transport\u00e9 par des chevaux au pied du Cervin - Graniti Maurino","isPartOf":{"@id":"https:\/\/www.granitimaurino.ch\/#website"},"primaryImageOfPage":{"@id":"https:\/\/www.granitimaurino.ch\/fr\/notre-granit-transporte-par-chevaux-au-cervin\/#primaryimage"},"datePublished":"2021-11-22T10:24:32+00:00","dateModified":"2022-02-03T07:32:48+00:00","breadcrumb":{"@id":"https:\/\/www.granitimaurino.ch\/fr\/notre-granit-transporte-par-chevaux-au-cervin\/#breadcrumb"},"inLanguage":"fr-FR","potentialAction":[{"@type":"ReadAction","target":["https:\/\/www.granitimaurino.ch\/fr\/notre-granit-transporte-par-chevaux-au-cervin\/"]}]},{"@type":"BreadcrumbList","@id":"https:\/\/www.granitimaurino.ch\/fr\/notre-granit-transporte-par-chevaux-au-cervin\/#breadcrumb","itemListElement":[{"@type":"ListItem","position":1,"name":"Home","item":"https:\/\/www.granitimaurino.ch\/fr\/"},{"@type":"ListItem","position":2,"name":"Notre granit transport\u00e9 par des chevaux au pied du Cervin"}]},{"@type":"Article","@id":"https:\/\/www.granitimaurino.ch\/fr\/notre-granit-transporte-par-chevaux-au-cervin\/#article","isPartOf":{"@id":"https:\/\/www.granitimaurino.ch\/fr\/notre-granit-transporte-par-chevaux-au-cervin\/#webpage"},"author":{"@id":"https:\/\/www.granitimaurino.ch\/#\/schema\/person\/85ce808dbcb39e30fd689f7a6d95a36c"},"headline":"Notre granit transport\u00e9 par des chevaux au pied du Cervin","datePublished":"2021-11-22T10:24:32+00:00","dateModified":"2022-02-03T07:32:48+00:00","mainEntityOfPage":{"@id":"https:\/\/www.granitimaurino.ch\/fr\/notre-granit-transporte-par-chevaux-au-cervin\/#webpage"},"wordCount":106,"publisher":{"@id":"https:\/\/www.granitimaurino.ch\/#organization"},"image":{"@id":"https:\/\/www.granitimaurino.ch\/fr\/notre-granit-transporte-par-chevaux-au-cervin\/#primaryimage"},"thumbnailUrl":"https:\/\/www.granitimaurino.ch\/wp-content\/uploads\/2021\/12\/graniti-maurino-realizzazioni-hornlihutte-thumb.jpg","articleSection":["Press"],"inLanguage":"fr-FR"},{"@type":"Person","@id":"https:\/\/www.granitimaurino.ch\/#\/schema\/person\/85ce808dbcb39e30fd689f7a6d95a36c","name":"neiko","image":{"@type":"ImageObject","@id":"https:\/\/www.granitimaurino.ch\/#personlogo","inLanguage":"fr-FR","url":"https:\/\/secure.gravatar.com\/avatar\/d09daff553fff4b13f7746939ea2ba849acdb8f8b84b4cc9eeb09c65ba8aa490?s=96&d=mm&r=g","contentUrl":"https:\/\/secure.gravatar.com\/avatar\/d09daff553fff4b13f7746939ea2ba849acdb8f8b84b4cc9eeb09c65ba8aa490?s=96&d=mm&r=g","caption":"neiko"},"sameAs":["https:\/\/www.granitimaurino.ch"]}]}},"_links":{"self":[{"href":"https:\/\/www.granitimaurino.ch\/fr\/wp-json\/wp\/v2\/posts\/8174","targetHints":{"allow":["GET"]}}],"collection":[{"href":"https:\/\/www.granitimaurino.ch\/fr\/wp-json\/wp\/v2\/posts"}],"about":[{"href":"https:\/\/www.granitimaurino.ch\/fr\/wp-json\/wp\/v2\/types\/post"}],"author":[{"embeddable":true,"href":"https:\/\/www.granitimaurino.ch\/fr\/wp-json\/wp\/v2\/users\/1"}],"replies":[{"embeddable":true,"href":"https:\/\/www.granitimaurino.ch\/fr\/wp-json\/wp\/v2\/comments?post=8174"}],"version-history":[{"count":0,"href":"https:\/\/www.granitimaurino.ch\/fr\/wp-json\/wp\/v2\/posts\/8174\/revisions"}],"wp:featuredmedia":[{"embeddable":true,"href":"https:\/\/www.granitimaurino.ch\/fr\/wp-json\/wp\/v2\/media\/2390"}],"wp:attachment":[{"href":"https:\/\/www.granitimaurino.ch\/fr\/wp-json\/wp\/v2\/media?parent=8174"}],"wp:term":[{"taxonomy":"category","embeddable":true,"href":"https:\/\/www.granitimaurino.ch\/fr\/wp-json\/wp\/v2\/categories?post=8174"}],"curies":[{"name":"wp","href":"https:\/\/api.w.org\/{rel}","templated":true}]}}