{"id":8173,"date":"2022-01-10T08:59:55","date_gmt":"2022-01-10T07:59:55","guid":{"rendered":"https:\/\/www.granitimaurino.ch\/una-nuova-stazione-in-movimento\/"},"modified":"2022-02-11T10:21:41","modified_gmt":"2022-02-11T09:21:41","slug":"le-ruban-de-marbre-cristallina-relie-la-place-nouvelle-gare-de-geneve","status":"publish","type":"post","link":"https:\/\/www.granitimaurino.ch\/fr\/le-ruban-de-marbre-cristallina-relie-la-place-nouvelle-gare-de-geneve\/","title":{"rendered":"Le ruban de marbre Cristallina relie la place de la gare de Gen\u00e8ve"},"content":{"rendered":"<p>Avec l&rsquo;extension de la ligne ferroviaire suburbaine (S-Bahn) autour de Gen\u00e8ve, cinq nouvelles gares ont \u00e9t\u00e9 construites, qui ont \u00e0 leur tour d\u00e9clench\u00e9 de nouvelles zones de d\u00e9veloppement.<\/p>\n<p>L&rsquo;une d&rsquo;elles est situ\u00e9 \u00e0 La Praille et a \u00e9t\u00e9 con\u00e7ue par <a href=\"https:\/\/www.raderschall.ch\/\" target=\"_blank\" rel=\"noopener\">Raderschallpartner Landschaftsarchitekten<\/a>.<\/p>\n<p>Comme le rapporte l&rsquo;article publi\u00e9 dans<a href=\"https:\/\/www.hochparterre.ch\/nachrichten\/landschaftsarchitektur\/blog\/post\/detail\/am-laufenden-band\/1608048101\/\" target=\"_blank\" rel=\"noopener\"><strong> Hochparterre<\/strong><\/a>\u00a0la conception de la nouvelle zone repose sur une id\u00e9e simple: <strong>le pavage en granit Maggia Wild\u00ae de haute qualit\u00e9 est travers\u00e9 par un ruban de marbre vert Cristallina\u00ae Green Ondulato qui forme trois anneaux \u00e0 l&rsquo;int\u00e9rieur desquels se trouvent des arbres. <\/strong><\/p>\n","protected":false},"excerpt":{"rendered":"<p>Avec l&rsquo;extension de la ligne ferroviaire suburbaine (S-Bahn) autour de Gen\u00e8ve, cinq nouvelles gares ont \u00e9t\u00e9 construites, qui ont \u00e0 leur tour d\u00e9clench\u00e9 de nouvelles zones de d\u00e9veloppement. L&rsquo;une d&rsquo;elles est situ\u00e9 \u00e0 La Praille et a \u00e9t\u00e9 con\u00e7ue par&#8230;<\/p>\n","protected":false},"author":2,"featured_media":6175,"comment_status":"closed","ping_status":"closed","sticky":false,"template":"","format":"standard","meta":{"footnotes":""},"categories":[2],"class_list":["post-8173","post","type-post","status-publish","format-standard","has-post-thumbnail","hentry","category-press-fr"],"acf":[],"yoast_head":"<!-- This site is optimized with the Yoast SEO plugin v17.9 - https:\/\/yoast.com\/wordpress\/plugins\/seo\/ -->\n<meta name=\"robots\" content=\"index, follow, max-snippet:-1, max-image-preview:large, max-video-preview:-1\" \/>\n<link rel=\"canonical\" href=\"https:\/\/www.granitimaurino.ch\/fr\/le-ruban-de-marbre-cristallina-relie-la-place-nouvelle-gare-de-geneve\/\" \/>\n<meta property=\"og:locale\" content=\"fr_FR\" \/>\n<meta property=\"og:type\" content=\"article\" \/>\n<meta property=\"og:title\" content=\"Le ruban de marbre Cristallina relie la place de la gare de Gen\u00e8ve - Graniti Maurino\" \/>\n<meta property=\"og:description\" content=\"Avec l&rsquo;extension de la ligne ferroviaire suburbaine (S-Bahn) autour de Gen\u00e8ve, cinq nouvelles gares ont \u00e9t\u00e9 construites, qui ont \u00e0 leur tour d\u00e9clench\u00e9 de nouvelles zones de d\u00e9veloppement. L&rsquo;une d&rsquo;elles est situ\u00e9 \u00e0 La Praille et a \u00e9t\u00e9 con\u00e7ue par...\" \/>\n<meta property=\"og:url\" content=\"https:\/\/www.granitimaurino.ch\/fr\/le-ruban-de-marbre-cristallina-relie-la-place-nouvelle-gare-de-geneve\/\" \/>\n<meta property=\"og:site_name\" content=\"Graniti Maurino\" \/>\n<meta property=\"article:published_time\" content=\"2022-01-10T07:59:55+00:00\" \/>\n<meta property=\"article:modified_time\" content=\"2022-02-11T09:21:41+00:00\" \/>\n<meta property=\"og:image\" content=\"https:\/\/www.granitimaurino.ch\/wp-content\/uploads\/2021\/12\/graniti-maurino-realizzazioni-paesaggistica-urbanistica-pont-rouge-ginevra-6.jpg\" \/>\n\t<meta property=\"og:image:width\" content=\"1502\" \/>\n\t<meta property=\"og:image:height\" content=\"1127\" \/>\n\t<meta property=\"og:image:type\" content=\"image\/jpeg\" \/>\n<meta name=\"twitter:card\" content=\"summary_large_image\" \/>\n<meta name=\"twitter:creator\" content=\"@maurino\" \/>\n<meta name=\"twitter:label1\" content=\"\u00c9crit par\" \/>\n\t<meta name=\"twitter:data1\" content=\"Graniti Maurino\" \/>\n<script type=\"application\/ld+json\" class=\"yoast-schema-graph\">{\"@context\":\"https:\/\/schema.org\",\"@graph\":[{\"@type\":\"Organization\",\"@id\":\"https:\/\/www.granitimaurino.ch\/#organization\",\"name\":\"Graniti Maurino\",\"url\":\"https:\/\/www.granitimaurino.ch\/\",\"sameAs\":[],\"logo\":{\"@type\":\"ImageObject\",\"@id\":\"https:\/\/www.granitimaurino.ch\/#logo\",\"inLanguage\":\"fr-FR\",\"url\":\"https:\/\/www.granitimaurino.ch\/wp-content\/uploads\/2021\/12\/logo.png\",\"contentUrl\":\"https:\/\/www.granitimaurino.ch\/wp-content\/uploads\/2021\/12\/logo.png\",\"width\":500,\"height\":104,\"caption\":\"Graniti Maurino\"},\"image\":{\"@id\":\"https:\/\/www.granitimaurino.ch\/#logo\"}},{\"@type\":\"WebSite\",\"@id\":\"https:\/\/www.granitimaurino.ch\/#website\",\"url\":\"https:\/\/www.granitimaurino.ch\/\",\"name\":\"Graniti Maurino\",\"description\":\"Pietre svizzere autentiche\",\"publisher\":{\"@id\":\"https:\/\/www.granitimaurino.ch\/#organization\"},\"potentialAction\":[{\"@type\":\"SearchAction\",\"target\":{\"@type\":\"EntryPoint\",\"urlTemplate\":\"https:\/\/www.granitimaurino.ch\/?s={search_term_string}\"},\"query-input\":\"required name=search_term_string\"}],\"inLanguage\":\"fr-FR\"},{\"@type\":\"ImageObject\",\"@id\":\"https:\/\/www.granitimaurino.ch\/fr\/le-ruban-de-marbre-cristallina-relie-la-place-nouvelle-gare-de-geneve\/#primaryimage\",\"inLanguage\":\"fr-FR\",\"url\":\"https:\/\/www.granitimaurino.ch\/wp-content\/uploads\/2021\/12\/graniti-maurino-realizzazioni-paesaggistica-urbanistica-pont-rouge-ginevra-6.jpg\",\"contentUrl\":\"https:\/\/www.granitimaurino.ch\/wp-content\/uploads\/2021\/12\/graniti-maurino-realizzazioni-paesaggistica-urbanistica-pont-rouge-ginevra-6.jpg\",\"width\":1502,\"height\":1127},{\"@type\":\"WebPage\",\"@id\":\"https:\/\/www.granitimaurino.ch\/fr\/le-ruban-de-marbre-cristallina-relie-la-place-nouvelle-gare-de-geneve\/#webpage\",\"url\":\"https:\/\/www.granitimaurino.ch\/fr\/le-ruban-de-marbre-cristallina-relie-la-place-nouvelle-gare-de-geneve\/\",\"name\":\"Le ruban de marbre Cristallina relie la place de la gare de Gen\\u00e8ve - Graniti Maurino\",\"isPartOf\":{\"@id\":\"https:\/\/www.granitimaurino.ch\/#website\"},\"primaryImageOfPage\":{\"@id\":\"https:\/\/www.granitimaurino.ch\/fr\/le-ruban-de-marbre-cristallina-relie-la-place-nouvelle-gare-de-geneve\/#primaryimage\"},\"datePublished\":\"2022-01-10T07:59:55+00:00\",\"dateModified\":\"2022-02-11T09:21:41+00:00\",\"breadcrumb\":{\"@id\":\"https:\/\/www.granitimaurino.ch\/fr\/le-ruban-de-marbre-cristallina-relie-la-place-nouvelle-gare-de-geneve\/#breadcrumb\"},\"inLanguage\":\"fr-FR\",\"potentialAction\":[{\"@type\":\"ReadAction\",\"target\":[\"https:\/\/www.granitimaurino.ch\/fr\/le-ruban-de-marbre-cristallina-relie-la-place-nouvelle-gare-de-geneve\/\"]}]},{\"@type\":\"BreadcrumbList\",\"@id\":\"https:\/\/www.granitimaurino.ch\/fr\/le-ruban-de-marbre-cristallina-relie-la-place-nouvelle-gare-de-geneve\/#breadcrumb\",\"itemListElement\":[{\"@type\":\"ListItem\",\"position\":1,\"name\":\"Home\",\"item\":\"https:\/\/www.granitimaurino.ch\/fr\/\"},{\"@type\":\"ListItem\",\"position\":2,\"name\":\"Le ruban de marbre Cristallina relie la place de la gare de Gen\\u00e8ve\"}]},{\"@type\":\"Article\",\"@id\":\"https:\/\/www.granitimaurino.ch\/fr\/le-ruban-de-marbre-cristallina-relie-la-place-nouvelle-gare-de-geneve\/#article\",\"isPartOf\":{\"@id\":\"https:\/\/www.granitimaurino.ch\/fr\/le-ruban-de-marbre-cristallina-relie-la-place-nouvelle-gare-de-geneve\/#webpage\"},\"author\":{\"@id\":\"https:\/\/www.granitimaurino.ch\/#\/schema\/person\/2ce3afa490526919a99d9b01dd1c222b\"},\"headline\":\"Le ruban de marbre Cristallina relie la place de la gare de Gen\\u00e8ve\",\"datePublished\":\"2022-01-10T07:59:55+00:00\",\"dateModified\":\"2022-02-11T09:21:41+00:00\",\"mainEntityOfPage\":{\"@id\":\"https:\/\/www.granitimaurino.ch\/fr\/le-ruban-de-marbre-cristallina-relie-la-place-nouvelle-gare-de-geneve\/#webpage\"},\"wordCount\":108,\"publisher\":{\"@id\":\"https:\/\/www.granitimaurino.ch\/#organization\"},\"image\":{\"@id\":\"https:\/\/www.granitimaurino.ch\/fr\/le-ruban-de-marbre-cristallina-relie-la-place-nouvelle-gare-de-geneve\/#primaryimage\"},\"thumbnailUrl\":\"https:\/\/www.granitimaurino.ch\/wp-content\/uploads\/2021\/12\/graniti-maurino-realizzazioni-paesaggistica-urbanistica-pont-rouge-ginevra-6.jpg\",\"articleSection\":[\"Press\"],\"inLanguage\":\"fr-FR\"},{\"@type\":\"Person\",\"@id\":\"https:\/\/www.granitimaurino.ch\/#\/schema\/person\/2ce3afa490526919a99d9b01dd1c222b\",\"name\":\"Graniti Maurino\",\"image\":{\"@type\":\"ImageObject\",\"@id\":\"https:\/\/www.granitimaurino.ch\/#personlogo\",\"inLanguage\":\"fr-FR\",\"url\":\"https:\/\/secure.gravatar.com\/avatar\/b0f7dbf224cc37b867650cc9ce06acfad81a67271f3281438247d36fba84b799?s=96&d=mm&r=g\",\"contentUrl\":\"https:\/\/secure.gravatar.com\/avatar\/b0f7dbf224cc37b867650cc9ce06acfad81a67271f3281438247d36fba84b799?s=96&d=mm&r=g\",\"caption\":\"Graniti Maurino\"},\"sameAs\":[\"https:\/\/www.instagram.com\/granitimaurino.ch\/\",\"https:\/\/twitter.com\/maurino\"]}]}<\/script>\n<!-- \/ Yoast SEO plugin. -->","yoast_head_json":{"robots":{"index":"index","follow":"follow","max-snippet":"max-snippet:-1","max-image-preview":"max-image-preview:large","max-video-preview":"max-video-preview:-1"},"canonical":"https:\/\/www.granitimaurino.ch\/fr\/le-ruban-de-marbre-cristallina-relie-la-place-nouvelle-gare-de-geneve\/","og_locale":"fr_FR","og_type":"article","og_title":"Le ruban de marbre Cristallina relie la place de la gare de Gen\u00e8ve - Graniti Maurino","og_description":"Avec l&rsquo;extension de la ligne ferroviaire suburbaine (S-Bahn) autour de Gen\u00e8ve, cinq nouvelles gares ont \u00e9t\u00e9 construites, qui ont \u00e0 leur tour d\u00e9clench\u00e9 de nouvelles zones de d\u00e9veloppement. L&rsquo;une d&rsquo;elles est situ\u00e9 \u00e0 La Praille et a \u00e9t\u00e9 con\u00e7ue par...","og_url":"https:\/\/www.granitimaurino.ch\/fr\/le-ruban-de-marbre-cristallina-relie-la-place-nouvelle-gare-de-geneve\/","og_site_name":"Graniti Maurino","article_published_time":"2022-01-10T07:59:55+00:00","article_modified_time":"2022-02-11T09:21:41+00:00","og_image":[{"width":1502,"height":1127,"url":"https:\/\/www.granitimaurino.ch\/wp-content\/uploads\/2021\/12\/graniti-maurino-realizzazioni-paesaggistica-urbanistica-pont-rouge-ginevra-6.jpg","type":"image\/jpeg"}],"twitter_card":"summary_large_image","twitter_creator":"@maurino","twitter_misc":{"\u00c9crit par":"Graniti Maurino"},"schema":{"@context":"https:\/\/schema.org","@graph":[{"@type":"Organization","@id":"https:\/\/www.granitimaurino.ch\/#organization","name":"Graniti Maurino","url":"https:\/\/www.granitimaurino.ch\/","sameAs":[],"logo":{"@type":"ImageObject","@id":"https:\/\/www.granitimaurino.ch\/#logo","inLanguage":"fr-FR","url":"https:\/\/www.granitimaurino.ch\/wp-content\/uploads\/2021\/12\/logo.png","contentUrl":"https:\/\/www.granitimaurino.ch\/wp-content\/uploads\/2021\/12\/logo.png","width":500,"height":104,"caption":"Graniti Maurino"},"image":{"@id":"https:\/\/www.granitimaurino.ch\/#logo"}},{"@type":"WebSite","@id":"https:\/\/www.granitimaurino.ch\/#website","url":"https:\/\/www.granitimaurino.ch\/","name":"Graniti Maurino","description":"Pietre svizzere autentiche","publisher":{"@id":"https:\/\/www.granitimaurino.ch\/#organization"},"potentialAction":[{"@type":"SearchAction","target":{"@type":"EntryPoint","urlTemplate":"https:\/\/www.granitimaurino.ch\/?s={search_term_string}"},"query-input":"required name=search_term_string"}],"inLanguage":"fr-FR"},{"@type":"ImageObject","@id":"https:\/\/www.granitimaurino.ch\/fr\/le-ruban-de-marbre-cristallina-relie-la-place-nouvelle-gare-de-geneve\/#primaryimage","inLanguage":"fr-FR","url":"https:\/\/www.granitimaurino.ch\/wp-content\/uploads\/2021\/12\/graniti-maurino-realizzazioni-paesaggistica-urbanistica-pont-rouge-ginevra-6.jpg","contentUrl":"https:\/\/www.granitimaurino.ch\/wp-content\/uploads\/2021\/12\/graniti-maurino-realizzazioni-paesaggistica-urbanistica-pont-rouge-ginevra-6.jpg","width":1502,"height":1127},{"@type":"WebPage","@id":"https:\/\/www.granitimaurino.ch\/fr\/le-ruban-de-marbre-cristallina-relie-la-place-nouvelle-gare-de-geneve\/#webpage","url":"https:\/\/www.granitimaurino.ch\/fr\/le-ruban-de-marbre-cristallina-relie-la-place-nouvelle-gare-de-geneve\/","name":"Le ruban de marbre Cristallina relie la place de la gare de Gen\u00e8ve - Graniti Maurino","isPartOf":{"@id":"https:\/\/www.granitimaurino.ch\/#website"},"primaryImageOfPage":{"@id":"https:\/\/www.granitimaurino.ch\/fr\/le-ruban-de-marbre-cristallina-relie-la-place-nouvelle-gare-de-geneve\/#primaryimage"},"datePublished":"2022-01-10T07:59:55+00:00","dateModified":"2022-02-11T09:21:41+00:00","breadcrumb":{"@id":"https:\/\/www.granitimaurino.ch\/fr\/le-ruban-de-marbre-cristallina-relie-la-place-nouvelle-gare-de-geneve\/#breadcrumb"},"inLanguage":"fr-FR","potentialAction":[{"@type":"ReadAction","target":["https:\/\/www.granitimaurino.ch\/fr\/le-ruban-de-marbre-cristallina-relie-la-place-nouvelle-gare-de-geneve\/"]}]},{"@type":"BreadcrumbList","@id":"https:\/\/www.granitimaurino.ch\/fr\/le-ruban-de-marbre-cristallina-relie-la-place-nouvelle-gare-de-geneve\/#breadcrumb","itemListElement":[{"@type":"ListItem","position":1,"name":"Home","item":"https:\/\/www.granitimaurino.ch\/fr\/"},{"@type":"ListItem","position":2,"name":"Le ruban de marbre Cristallina relie la place de la gare de Gen\u00e8ve"}]},{"@type":"Article","@id":"https:\/\/www.granitimaurino.ch\/fr\/le-ruban-de-marbre-cristallina-relie-la-place-nouvelle-gare-de-geneve\/#article","isPartOf":{"@id":"https:\/\/www.granitimaurino.ch\/fr\/le-ruban-de-marbre-cristallina-relie-la-place-nouvelle-gare-de-geneve\/#webpage"},"author":{"@id":"https:\/\/www.granitimaurino.ch\/#\/schema\/person\/2ce3afa490526919a99d9b01dd1c222b"},"headline":"Le ruban de marbre Cristallina relie la place de la gare de Gen\u00e8ve","datePublished":"2022-01-10T07:59:55+00:00","dateModified":"2022-02-11T09:21:41+00:00","mainEntityOfPage":{"@id":"https:\/\/www.granitimaurino.ch\/fr\/le-ruban-de-marbre-cristallina-relie-la-place-nouvelle-gare-de-geneve\/#webpage"},"wordCount":108,"publisher":{"@id":"https:\/\/www.granitimaurino.ch\/#organization"},"image":{"@id":"https:\/\/www.granitimaurino.ch\/fr\/le-ruban-de-marbre-cristallina-relie-la-place-nouvelle-gare-de-geneve\/#primaryimage"},"thumbnailUrl":"https:\/\/www.granitimaurino.ch\/wp-content\/uploads\/2021\/12\/graniti-maurino-realizzazioni-paesaggistica-urbanistica-pont-rouge-ginevra-6.jpg","articleSection":["Press"],"inLanguage":"fr-FR"},{"@type":"Person","@id":"https:\/\/www.granitimaurino.ch\/#\/schema\/person\/2ce3afa490526919a99d9b01dd1c222b","name":"Graniti Maurino","image":{"@type":"ImageObject","@id":"https:\/\/www.granitimaurino.ch\/#personlogo","inLanguage":"fr-FR","url":"https:\/\/secure.gravatar.com\/avatar\/b0f7dbf224cc37b867650cc9ce06acfad81a67271f3281438247d36fba84b799?s=96&d=mm&r=g","contentUrl":"https:\/\/secure.gravatar.com\/avatar\/b0f7dbf224cc37b867650cc9ce06acfad81a67271f3281438247d36fba84b799?s=96&d=mm&r=g","caption":"Graniti Maurino"},"sameAs":["https:\/\/www.instagram.com\/granitimaurino.ch\/","https:\/\/twitter.com\/maurino"]}]}},"_links":{"self":[{"href":"https:\/\/www.granitimaurino.ch\/fr\/wp-json\/wp\/v2\/posts\/8173","targetHints":{"allow":["GET"]}}],"collection":[{"href":"https:\/\/www.granitimaurino.ch\/fr\/wp-json\/wp\/v2\/posts"}],"about":[{"href":"https:\/\/www.granitimaurino.ch\/fr\/wp-json\/wp\/v2\/types\/post"}],"author":[{"embeddable":true,"href":"https:\/\/www.granitimaurino.ch\/fr\/wp-json\/wp\/v2\/users\/2"}],"replies":[{"embeddable":true,"href":"https:\/\/www.granitimaurino.ch\/fr\/wp-json\/wp\/v2\/comments?post=8173"}],"version-history":[{"count":1,"href":"https:\/\/www.granitimaurino.ch\/fr\/wp-json\/wp\/v2\/posts\/8173\/revisions"}],"predecessor-version":[{"id":8920,"href":"https:\/\/www.granitimaurino.ch\/fr\/wp-json\/wp\/v2\/posts\/8173\/revisions\/8920"}],"wp:featuredmedia":[{"embeddable":true,"href":"https:\/\/www.granitimaurino.ch\/fr\/wp-json\/wp\/v2\/media\/6175"}],"wp:attachment":[{"href":"https:\/\/www.granitimaurino.ch\/fr\/wp-json\/wp\/v2\/media?parent=8173"}],"wp:term":[{"taxonomy":"category","embeddable":true,"href":"https:\/\/www.granitimaurino.ch\/fr\/wp-json\/wp\/v2\/categories?post=8173"}],"curies":[{"name":"wp","href":"https:\/\/api.w.org\/{rel}","templated":true}]}}