{"id":8172,"date":"2022-01-11T14:25:26","date_gmt":"2022-01-11T13:25:26","guid":{"rendered":"https:\/\/www.granitimaurino.ch\/lartigianato-scolpito-nella-pietra\/"},"modified":"2022-02-03T09:07:15","modified_gmt":"2022-02-03T08:07:15","slug":"lartisanat-grave-dans-la-pierre","status":"publish","type":"post","link":"https:\/\/www.granitimaurino.ch\/fr\/lartisanat-grave-dans-la-pierre\/","title":{"rendered":"L&rsquo;artisanat grav\u00e9 dans la pierre"},"content":{"rendered":"<p>RSI, Radiotelevisione della Svizzera italiana, a visit\u00e9 notre atelier \u00e0 Biasca pour le programme \u00ab\u00a0L&rsquo;artisanat grav\u00e9 dans la pierre\u00a0\u00bb.<\/p>\n<p>\u00c0 partir de la <strong>17e minute<\/strong>, vous pouvez regarder l&rsquo;\u00e9pisode qui a \u00e9t\u00e9 diffus\u00e9 le 28 f\u00e9vrier 2020.<\/p>\n<p>Comme vous pouvez le voir dans le film, Graniti Maurino SA dispose d&rsquo;un atelier o\u00f9 elle traite les pierres extraites <strong>24 heures sur 24 et 7 jours sur 7<\/strong> \u00e0 l&rsquo;aide de machines ultramodernes.<\/p>\n","protected":false},"excerpt":{"rendered":"<p>RSI, Radiotelevisione della Svizzera italiana, a visit\u00e9 notre atelier \u00e0 Biasca pour le programme \u00ab\u00a0L&rsquo;artisanat grav\u00e9 dans la pierre\u00a0\u00bb. \u00c0 partir de la 17e minute, vous pouvez regarder l&rsquo;\u00e9pisode qui a \u00e9t\u00e9 diffus\u00e9 le 28 f\u00e9vrier 2020. Comme vous pouvez&#8230;<\/p>\n","protected":false},"author":2,"featured_media":8733,"comment_status":"closed","ping_status":"closed","sticky":false,"template":"","format":"standard","meta":{"footnotes":""},"categories":[2],"class_list":["post-8172","post","type-post","status-publish","format-standard","has-post-thumbnail","hentry","category-press-fr"],"acf":[],"yoast_head":"<!-- This site is optimized with the Yoast SEO plugin v17.9 - https:\/\/yoast.com\/wordpress\/plugins\/seo\/ -->\n<meta name=\"robots\" content=\"index, follow, max-snippet:-1, max-image-preview:large, max-video-preview:-1\" \/>\n<link rel=\"canonical\" href=\"https:\/\/www.granitimaurino.ch\/fr\/lartisanat-grave-dans-la-pierre\/\" \/>\n<meta property=\"og:locale\" content=\"fr_FR\" \/>\n<meta property=\"og:type\" content=\"article\" \/>\n<meta property=\"og:title\" content=\"L&#039;artisanat grav\u00e9 dans la pierre - Graniti Maurino\" \/>\n<meta property=\"og:description\" content=\"RSI, Radiotelevisione della Svizzera italiana, a visit\u00e9 notre atelier \u00e0 Biasca pour le programme \u00ab\u00a0L&rsquo;artisanat grav\u00e9 dans la pierre\u00a0\u00bb. \u00c0 partir de la 17e minute, vous pouvez regarder l&rsquo;\u00e9pisode qui a \u00e9t\u00e9 diffus\u00e9 le 28 f\u00e9vrier 2020. Comme vous pouvez...\" \/>\n<meta property=\"og:url\" content=\"https:\/\/www.granitimaurino.ch\/fr\/lartisanat-grave-dans-la-pierre\/\" \/>\n<meta property=\"og:site_name\" content=\"Graniti Maurino\" \/>\n<meta property=\"article:published_time\" content=\"2022-01-11T13:25:26+00:00\" \/>\n<meta property=\"article:modified_time\" content=\"2022-02-03T08:07:15+00:00\" \/>\n<meta property=\"og:image\" content=\"https:\/\/www.granitimaurino.ch\/wp-content\/uploads\/2022\/01\/graniti-maurino-news-artigianato-scolpito-nella-pietra-cesare-maurino-1465x1200.png\" \/>\n\t<meta property=\"og:image:width\" content=\"1465\" \/>\n\t<meta property=\"og:image:height\" content=\"1200\" \/>\n\t<meta property=\"og:image:type\" content=\"image\/png\" \/>\n<meta name=\"twitter:card\" content=\"summary_large_image\" \/>\n<meta name=\"twitter:creator\" content=\"@maurino\" \/>\n<meta name=\"twitter:label1\" content=\"\u00c9crit par\" \/>\n\t<meta name=\"twitter:data1\" content=\"Graniti Maurino\" \/>\n<script type=\"application\/ld+json\" class=\"yoast-schema-graph\">{\"@context\":\"https:\/\/schema.org\",\"@graph\":[{\"@type\":\"Organization\",\"@id\":\"https:\/\/www.granitimaurino.ch\/#organization\",\"name\":\"Graniti Maurino\",\"url\":\"https:\/\/www.granitimaurino.ch\/\",\"sameAs\":[],\"logo\":{\"@type\":\"ImageObject\",\"@id\":\"https:\/\/www.granitimaurino.ch\/#logo\",\"inLanguage\":\"fr-FR\",\"url\":\"https:\/\/www.granitimaurino.ch\/wp-content\/uploads\/2021\/12\/logo.png\",\"contentUrl\":\"https:\/\/www.granitimaurino.ch\/wp-content\/uploads\/2021\/12\/logo.png\",\"width\":500,\"height\":104,\"caption\":\"Graniti Maurino\"},\"image\":{\"@id\":\"https:\/\/www.granitimaurino.ch\/#logo\"}},{\"@type\":\"WebSite\",\"@id\":\"https:\/\/www.granitimaurino.ch\/#website\",\"url\":\"https:\/\/www.granitimaurino.ch\/\",\"name\":\"Graniti Maurino\",\"description\":\"Pietre svizzere autentiche\",\"publisher\":{\"@id\":\"https:\/\/www.granitimaurino.ch\/#organization\"},\"potentialAction\":[{\"@type\":\"SearchAction\",\"target\":{\"@type\":\"EntryPoint\",\"urlTemplate\":\"https:\/\/www.granitimaurino.ch\/?s={search_term_string}\"},\"query-input\":\"required name=search_term_string\"}],\"inLanguage\":\"fr-FR\"},{\"@type\":\"ImageObject\",\"@id\":\"https:\/\/www.granitimaurino.ch\/fr\/lartisanat-grave-dans-la-pierre\/#primaryimage\",\"inLanguage\":\"fr-FR\",\"url\":\"https:\/\/www.granitimaurino.ch\/wp-content\/uploads\/2022\/01\/graniti-maurino-news-artigianato-scolpito-nella-pietra-cesare-maurino.png\",\"contentUrl\":\"https:\/\/www.granitimaurino.ch\/wp-content\/uploads\/2022\/01\/graniti-maurino-news-artigianato-scolpito-nella-pietra-cesare-maurino.png\",\"width\":2629,\"height\":2153},{\"@type\":\"WebPage\",\"@id\":\"https:\/\/www.granitimaurino.ch\/fr\/lartisanat-grave-dans-la-pierre\/#webpage\",\"url\":\"https:\/\/www.granitimaurino.ch\/fr\/lartisanat-grave-dans-la-pierre\/\",\"name\":\"L'artisanat grav\\u00e9 dans la pierre - Graniti Maurino\",\"isPartOf\":{\"@id\":\"https:\/\/www.granitimaurino.ch\/#website\"},\"primaryImageOfPage\":{\"@id\":\"https:\/\/www.granitimaurino.ch\/fr\/lartisanat-grave-dans-la-pierre\/#primaryimage\"},\"datePublished\":\"2022-01-11T13:25:26+00:00\",\"dateModified\":\"2022-02-03T08:07:15+00:00\",\"breadcrumb\":{\"@id\":\"https:\/\/www.granitimaurino.ch\/fr\/lartisanat-grave-dans-la-pierre\/#breadcrumb\"},\"inLanguage\":\"fr-FR\",\"potentialAction\":[{\"@type\":\"ReadAction\",\"target\":[\"https:\/\/www.granitimaurino.ch\/fr\/lartisanat-grave-dans-la-pierre\/\"]}]},{\"@type\":\"BreadcrumbList\",\"@id\":\"https:\/\/www.granitimaurino.ch\/fr\/lartisanat-grave-dans-la-pierre\/#breadcrumb\",\"itemListElement\":[{\"@type\":\"ListItem\",\"position\":1,\"name\":\"Home\",\"item\":\"https:\/\/www.granitimaurino.ch\/fr\/\"},{\"@type\":\"ListItem\",\"position\":2,\"name\":\"L&rsquo;artisanat grav\\u00e9 dans la pierre\"}]},{\"@type\":\"Article\",\"@id\":\"https:\/\/www.granitimaurino.ch\/fr\/lartisanat-grave-dans-la-pierre\/#article\",\"isPartOf\":{\"@id\":\"https:\/\/www.granitimaurino.ch\/fr\/lartisanat-grave-dans-la-pierre\/#webpage\"},\"author\":{\"@id\":\"https:\/\/www.granitimaurino.ch\/#\/schema\/person\/2ce3afa490526919a99d9b01dd1c222b\"},\"headline\":\"L&rsquo;artisanat grav\\u00e9 dans la pierre\",\"datePublished\":\"2022-01-11T13:25:26+00:00\",\"dateModified\":\"2022-02-03T08:07:15+00:00\",\"mainEntityOfPage\":{\"@id\":\"https:\/\/www.granitimaurino.ch\/fr\/lartisanat-grave-dans-la-pierre\/#webpage\"},\"wordCount\":69,\"publisher\":{\"@id\":\"https:\/\/www.granitimaurino.ch\/#organization\"},\"image\":{\"@id\":\"https:\/\/www.granitimaurino.ch\/fr\/lartisanat-grave-dans-la-pierre\/#primaryimage\"},\"thumbnailUrl\":\"https:\/\/www.granitimaurino.ch\/wp-content\/uploads\/2022\/01\/graniti-maurino-news-artigianato-scolpito-nella-pietra-cesare-maurino.png\",\"articleSection\":[\"Press\"],\"inLanguage\":\"fr-FR\"},{\"@type\":\"Person\",\"@id\":\"https:\/\/www.granitimaurino.ch\/#\/schema\/person\/2ce3afa490526919a99d9b01dd1c222b\",\"name\":\"Graniti Maurino\",\"image\":{\"@type\":\"ImageObject\",\"@id\":\"https:\/\/www.granitimaurino.ch\/#personlogo\",\"inLanguage\":\"fr-FR\",\"url\":\"https:\/\/secure.gravatar.com\/avatar\/b0f7dbf224cc37b867650cc9ce06acfad81a67271f3281438247d36fba84b799?s=96&d=mm&r=g\",\"contentUrl\":\"https:\/\/secure.gravatar.com\/avatar\/b0f7dbf224cc37b867650cc9ce06acfad81a67271f3281438247d36fba84b799?s=96&d=mm&r=g\",\"caption\":\"Graniti Maurino\"},\"sameAs\":[\"https:\/\/www.instagram.com\/granitimaurino.ch\/\",\"https:\/\/twitter.com\/maurino\"]}]}<\/script>\n<!-- \/ Yoast SEO plugin. -->","yoast_head_json":{"robots":{"index":"index","follow":"follow","max-snippet":"max-snippet:-1","max-image-preview":"max-image-preview:large","max-video-preview":"max-video-preview:-1"},"canonical":"https:\/\/www.granitimaurino.ch\/fr\/lartisanat-grave-dans-la-pierre\/","og_locale":"fr_FR","og_type":"article","og_title":"L'artisanat grav\u00e9 dans la pierre - Graniti Maurino","og_description":"RSI, Radiotelevisione della Svizzera italiana, a visit\u00e9 notre atelier \u00e0 Biasca pour le programme \u00ab\u00a0L&rsquo;artisanat grav\u00e9 dans la pierre\u00a0\u00bb. \u00c0 partir de la 17e minute, vous pouvez regarder l&rsquo;\u00e9pisode qui a \u00e9t\u00e9 diffus\u00e9 le 28 f\u00e9vrier 2020. Comme vous pouvez...","og_url":"https:\/\/www.granitimaurino.ch\/fr\/lartisanat-grave-dans-la-pierre\/","og_site_name":"Graniti Maurino","article_published_time":"2022-01-11T13:25:26+00:00","article_modified_time":"2022-02-03T08:07:15+00:00","og_image":[{"width":1465,"height":1200,"url":"https:\/\/www.granitimaurino.ch\/wp-content\/uploads\/2022\/01\/graniti-maurino-news-artigianato-scolpito-nella-pietra-cesare-maurino-1465x1200.png","type":"image\/png"}],"twitter_card":"summary_large_image","twitter_creator":"@maurino","twitter_misc":{"\u00c9crit par":"Graniti Maurino"},"schema":{"@context":"https:\/\/schema.org","@graph":[{"@type":"Organization","@id":"https:\/\/www.granitimaurino.ch\/#organization","name":"Graniti Maurino","url":"https:\/\/www.granitimaurino.ch\/","sameAs":[],"logo":{"@type":"ImageObject","@id":"https:\/\/www.granitimaurino.ch\/#logo","inLanguage":"fr-FR","url":"https:\/\/www.granitimaurino.ch\/wp-content\/uploads\/2021\/12\/logo.png","contentUrl":"https:\/\/www.granitimaurino.ch\/wp-content\/uploads\/2021\/12\/logo.png","width":500,"height":104,"caption":"Graniti Maurino"},"image":{"@id":"https:\/\/www.granitimaurino.ch\/#logo"}},{"@type":"WebSite","@id":"https:\/\/www.granitimaurino.ch\/#website","url":"https:\/\/www.granitimaurino.ch\/","name":"Graniti Maurino","description":"Pietre svizzere autentiche","publisher":{"@id":"https:\/\/www.granitimaurino.ch\/#organization"},"potentialAction":[{"@type":"SearchAction","target":{"@type":"EntryPoint","urlTemplate":"https:\/\/www.granitimaurino.ch\/?s={search_term_string}"},"query-input":"required name=search_term_string"}],"inLanguage":"fr-FR"},{"@type":"ImageObject","@id":"https:\/\/www.granitimaurino.ch\/fr\/lartisanat-grave-dans-la-pierre\/#primaryimage","inLanguage":"fr-FR","url":"https:\/\/www.granitimaurino.ch\/wp-content\/uploads\/2022\/01\/graniti-maurino-news-artigianato-scolpito-nella-pietra-cesare-maurino.png","contentUrl":"https:\/\/www.granitimaurino.ch\/wp-content\/uploads\/2022\/01\/graniti-maurino-news-artigianato-scolpito-nella-pietra-cesare-maurino.png","width":2629,"height":2153},{"@type":"WebPage","@id":"https:\/\/www.granitimaurino.ch\/fr\/lartisanat-grave-dans-la-pierre\/#webpage","url":"https:\/\/www.granitimaurino.ch\/fr\/lartisanat-grave-dans-la-pierre\/","name":"L'artisanat grav\u00e9 dans la pierre - Graniti Maurino","isPartOf":{"@id":"https:\/\/www.granitimaurino.ch\/#website"},"primaryImageOfPage":{"@id":"https:\/\/www.granitimaurino.ch\/fr\/lartisanat-grave-dans-la-pierre\/#primaryimage"},"datePublished":"2022-01-11T13:25:26+00:00","dateModified":"2022-02-03T08:07:15+00:00","breadcrumb":{"@id":"https:\/\/www.granitimaurino.ch\/fr\/lartisanat-grave-dans-la-pierre\/#breadcrumb"},"inLanguage":"fr-FR","potentialAction":[{"@type":"ReadAction","target":["https:\/\/www.granitimaurino.ch\/fr\/lartisanat-grave-dans-la-pierre\/"]}]},{"@type":"BreadcrumbList","@id":"https:\/\/www.granitimaurino.ch\/fr\/lartisanat-grave-dans-la-pierre\/#breadcrumb","itemListElement":[{"@type":"ListItem","position":1,"name":"Home","item":"https:\/\/www.granitimaurino.ch\/fr\/"},{"@type":"ListItem","position":2,"name":"L&rsquo;artisanat grav\u00e9 dans la pierre"}]},{"@type":"Article","@id":"https:\/\/www.granitimaurino.ch\/fr\/lartisanat-grave-dans-la-pierre\/#article","isPartOf":{"@id":"https:\/\/www.granitimaurino.ch\/fr\/lartisanat-grave-dans-la-pierre\/#webpage"},"author":{"@id":"https:\/\/www.granitimaurino.ch\/#\/schema\/person\/2ce3afa490526919a99d9b01dd1c222b"},"headline":"L&rsquo;artisanat grav\u00e9 dans la pierre","datePublished":"2022-01-11T13:25:26+00:00","dateModified":"2022-02-03T08:07:15+00:00","mainEntityOfPage":{"@id":"https:\/\/www.granitimaurino.ch\/fr\/lartisanat-grave-dans-la-pierre\/#webpage"},"wordCount":69,"publisher":{"@id":"https:\/\/www.granitimaurino.ch\/#organization"},"image":{"@id":"https:\/\/www.granitimaurino.ch\/fr\/lartisanat-grave-dans-la-pierre\/#primaryimage"},"thumbnailUrl":"https:\/\/www.granitimaurino.ch\/wp-content\/uploads\/2022\/01\/graniti-maurino-news-artigianato-scolpito-nella-pietra-cesare-maurino.png","articleSection":["Press"],"inLanguage":"fr-FR"},{"@type":"Person","@id":"https:\/\/www.granitimaurino.ch\/#\/schema\/person\/2ce3afa490526919a99d9b01dd1c222b","name":"Graniti Maurino","image":{"@type":"ImageObject","@id":"https:\/\/www.granitimaurino.ch\/#personlogo","inLanguage":"fr-FR","url":"https:\/\/secure.gravatar.com\/avatar\/b0f7dbf224cc37b867650cc9ce06acfad81a67271f3281438247d36fba84b799?s=96&d=mm&r=g","contentUrl":"https:\/\/secure.gravatar.com\/avatar\/b0f7dbf224cc37b867650cc9ce06acfad81a67271f3281438247d36fba84b799?s=96&d=mm&r=g","caption":"Graniti Maurino"},"sameAs":["https:\/\/www.instagram.com\/granitimaurino.ch\/","https:\/\/twitter.com\/maurino"]}]}},"_links":{"self":[{"href":"https:\/\/www.granitimaurino.ch\/fr\/wp-json\/wp\/v2\/posts\/8172","targetHints":{"allow":["GET"]}}],"collection":[{"href":"https:\/\/www.granitimaurino.ch\/fr\/wp-json\/wp\/v2\/posts"}],"about":[{"href":"https:\/\/www.granitimaurino.ch\/fr\/wp-json\/wp\/v2\/types\/post"}],"author":[{"embeddable":true,"href":"https:\/\/www.granitimaurino.ch\/fr\/wp-json\/wp\/v2\/users\/2"}],"replies":[{"embeddable":true,"href":"https:\/\/www.granitimaurino.ch\/fr\/wp-json\/wp\/v2\/comments?post=8172"}],"version-history":[{"count":0,"href":"https:\/\/www.granitimaurino.ch\/fr\/wp-json\/wp\/v2\/posts\/8172\/revisions"}],"wp:featuredmedia":[{"embeddable":true,"href":"https:\/\/www.granitimaurino.ch\/fr\/wp-json\/wp\/v2\/media\/8733"}],"wp:attachment":[{"href":"https:\/\/www.granitimaurino.ch\/fr\/wp-json\/wp\/v2\/media?parent=8172"}],"wp:term":[{"taxonomy":"category","embeddable":true,"href":"https:\/\/www.granitimaurino.ch\/fr\/wp-json\/wp\/v2\/categories?post=8172"}],"curies":[{"name":"wp","href":"https:\/\/api.w.org\/{rel}","templated":true}]}}