{"id":7967,"date":"2022-01-11T14:25:26","date_gmt":"2022-01-11T13:25:26","guid":{"rendered":"https:\/\/www.granitimaurino.ch\/lartigianato-scolpito-nella-pietra\/"},"modified":"2022-02-03T09:08:10","modified_gmt":"2022-02-03T08:08:10","slug":"in-stein-gemeisselte-handwerkskunst","status":"publish","type":"post","link":"https:\/\/www.granitimaurino.ch\/de\/in-stein-gemeisselte-handwerkskunst\/","title":{"rendered":"In Stein gemeisselte Handwerkskunst"},"content":{"rendered":"<p>RSI (Radiotelevisione della Svizzera italiana) besuchte unsere Werkstatt in Biasca f\u00fcr die Sendung &#8222;L&#8217;artigianato scolpito nella pietra&#8220;.<\/p>\n<p>Ab der <strong>17. Minute<\/strong> k\u00f6nnen Sie die am 28. Februar 2020 ausgestrahlte Folge sehen.<\/p>\n<p>Wie Sie in der Sendung sehen k\u00f6nnen, verf\u00fcgt die Graniti Maurino SA \u00fcber eine Werkstatt, in der sie die gewonnenen Steine <strong>24 Stunden am Tag, 7 Tage die Woche<\/strong> mit modernsten Maschinen bearbeitet.<\/p>\n","protected":false},"excerpt":{"rendered":"<p>RSI (Radiotelevisione della Svizzera italiana) besuchte unsere Werkstatt in Biasca f\u00fcr die Sendung &#8222;L&#8217;artigianato scolpito nella pietra&#8220;. Ab der 17. Minute k\u00f6nnen Sie die am 28. Februar 2020 ausgestrahlte Folge sehen. Wie Sie in der Sendung sehen k\u00f6nnen, verf\u00fcgt die&#8230;<\/p>\n","protected":false},"author":2,"featured_media":8734,"comment_status":"closed","ping_status":"closed","sticky":false,"template":"","format":"standard","meta":{"footnotes":""},"categories":[4],"class_list":["post-7967","post","type-post","status-publish","format-standard","has-post-thumbnail","hentry","category-presse"],"acf":[],"yoast_head":"<!-- This site is optimized with the Yoast SEO plugin v17.9 - https:\/\/yoast.com\/wordpress\/plugins\/seo\/ -->\n<meta name=\"robots\" content=\"index, follow, max-snippet:-1, max-image-preview:large, max-video-preview:-1\" \/>\n<link rel=\"canonical\" href=\"https:\/\/www.granitimaurino.ch\/de\/in-stein-gemeisselte-handwerkskunst\/\" \/>\n<meta property=\"og:locale\" content=\"de_DE\" \/>\n<meta property=\"og:type\" content=\"article\" \/>\n<meta property=\"og:title\" content=\"In Stein gemeisselte Handwerkskunst - Graniti Maurino\" \/>\n<meta property=\"og:description\" content=\"RSI (Radiotelevisione della Svizzera italiana) besuchte unsere Werkstatt in Biasca f\u00fcr die Sendung &#8222;L&#8217;artigianato scolpito nella pietra&#8220;. Ab der 17. Minute k\u00f6nnen Sie die am 28. Februar 2020 ausgestrahlte Folge sehen. Wie Sie in der Sendung sehen k\u00f6nnen, verf\u00fcgt die...\" \/>\n<meta property=\"og:url\" content=\"https:\/\/www.granitimaurino.ch\/de\/in-stein-gemeisselte-handwerkskunst\/\" \/>\n<meta property=\"og:site_name\" content=\"Graniti Maurino\" \/>\n<meta property=\"article:published_time\" content=\"2022-01-11T13:25:26+00:00\" \/>\n<meta property=\"article:modified_time\" content=\"2022-02-03T08:08:10+00:00\" \/>\n<meta property=\"og:image\" content=\"https:\/\/www.granitimaurino.ch\/wp-content\/uploads\/2022\/01\/graniti-maurino-news-artigianato-scolpito-nella-pietra-cesare-maurino-1465x1200.png\" \/>\n\t<meta property=\"og:image:width\" content=\"1465\" \/>\n\t<meta property=\"og:image:height\" content=\"1200\" \/>\n\t<meta property=\"og:image:type\" content=\"image\/png\" \/>\n<meta name=\"twitter:card\" content=\"summary_large_image\" \/>\n<meta name=\"twitter:creator\" content=\"@maurino\" \/>\n<meta name=\"twitter:label1\" content=\"Verfasst von\" \/>\n\t<meta name=\"twitter:data1\" content=\"Graniti Maurino\" \/>\n<script type=\"application\/ld+json\" class=\"yoast-schema-graph\">{\"@context\":\"https:\/\/schema.org\",\"@graph\":[{\"@type\":\"Organization\",\"@id\":\"https:\/\/www.granitimaurino.ch\/#organization\",\"name\":\"Graniti Maurino\",\"url\":\"https:\/\/www.granitimaurino.ch\/\",\"sameAs\":[],\"logo\":{\"@type\":\"ImageObject\",\"@id\":\"https:\/\/www.granitimaurino.ch\/#logo\",\"inLanguage\":\"de\",\"url\":\"https:\/\/www.granitimaurino.ch\/wp-content\/uploads\/2021\/12\/logo.png\",\"contentUrl\":\"https:\/\/www.granitimaurino.ch\/wp-content\/uploads\/2021\/12\/logo.png\",\"width\":500,\"height\":104,\"caption\":\"Graniti Maurino\"},\"image\":{\"@id\":\"https:\/\/www.granitimaurino.ch\/#logo\"}},{\"@type\":\"WebSite\",\"@id\":\"https:\/\/www.granitimaurino.ch\/#website\",\"url\":\"https:\/\/www.granitimaurino.ch\/\",\"name\":\"Graniti Maurino\",\"description\":\"Pietre svizzere autentiche\",\"publisher\":{\"@id\":\"https:\/\/www.granitimaurino.ch\/#organization\"},\"potentialAction\":[{\"@type\":\"SearchAction\",\"target\":{\"@type\":\"EntryPoint\",\"urlTemplate\":\"https:\/\/www.granitimaurino.ch\/?s={search_term_string}\"},\"query-input\":\"required name=search_term_string\"}],\"inLanguage\":\"de\"},{\"@type\":\"ImageObject\",\"@id\":\"https:\/\/www.granitimaurino.ch\/de\/in-stein-gemeisselte-handwerkskunst\/#primaryimage\",\"inLanguage\":\"de\",\"url\":\"https:\/\/www.granitimaurino.ch\/wp-content\/uploads\/2022\/01\/graniti-maurino-news-artigianato-scolpito-nella-pietra-cesare-maurino.png\",\"contentUrl\":\"https:\/\/www.granitimaurino.ch\/wp-content\/uploads\/2022\/01\/graniti-maurino-news-artigianato-scolpito-nella-pietra-cesare-maurino.png\",\"width\":2629,\"height\":2153},{\"@type\":\"WebPage\",\"@id\":\"https:\/\/www.granitimaurino.ch\/de\/in-stein-gemeisselte-handwerkskunst\/#webpage\",\"url\":\"https:\/\/www.granitimaurino.ch\/de\/in-stein-gemeisselte-handwerkskunst\/\",\"name\":\"In Stein gemeisselte Handwerkskunst - Graniti Maurino\",\"isPartOf\":{\"@id\":\"https:\/\/www.granitimaurino.ch\/#website\"},\"primaryImageOfPage\":{\"@id\":\"https:\/\/www.granitimaurino.ch\/de\/in-stein-gemeisselte-handwerkskunst\/#primaryimage\"},\"datePublished\":\"2022-01-11T13:25:26+00:00\",\"dateModified\":\"2022-02-03T08:08:10+00:00\",\"breadcrumb\":{\"@id\":\"https:\/\/www.granitimaurino.ch\/de\/in-stein-gemeisselte-handwerkskunst\/#breadcrumb\"},\"inLanguage\":\"de\",\"potentialAction\":[{\"@type\":\"ReadAction\",\"target\":[\"https:\/\/www.granitimaurino.ch\/de\/in-stein-gemeisselte-handwerkskunst\/\"]}]},{\"@type\":\"BreadcrumbList\",\"@id\":\"https:\/\/www.granitimaurino.ch\/de\/in-stein-gemeisselte-handwerkskunst\/#breadcrumb\",\"itemListElement\":[{\"@type\":\"ListItem\",\"position\":1,\"name\":\"Home\",\"item\":\"https:\/\/www.granitimaurino.ch\/de\/\"},{\"@type\":\"ListItem\",\"position\":2,\"name\":\"In Stein gemeisselte Handwerkskunst\"}]},{\"@type\":\"Article\",\"@id\":\"https:\/\/www.granitimaurino.ch\/de\/in-stein-gemeisselte-handwerkskunst\/#article\",\"isPartOf\":{\"@id\":\"https:\/\/www.granitimaurino.ch\/de\/in-stein-gemeisselte-handwerkskunst\/#webpage\"},\"author\":{\"@id\":\"https:\/\/www.granitimaurino.ch\/#\/schema\/person\/2ce3afa490526919a99d9b01dd1c222b\"},\"headline\":\"In Stein gemeisselte Handwerkskunst\",\"datePublished\":\"2022-01-11T13:25:26+00:00\",\"dateModified\":\"2022-02-03T08:08:10+00:00\",\"mainEntityOfPage\":{\"@id\":\"https:\/\/www.granitimaurino.ch\/de\/in-stein-gemeisselte-handwerkskunst\/#webpage\"},\"wordCount\":67,\"publisher\":{\"@id\":\"https:\/\/www.granitimaurino.ch\/#organization\"},\"image\":{\"@id\":\"https:\/\/www.granitimaurino.ch\/de\/in-stein-gemeisselte-handwerkskunst\/#primaryimage\"},\"thumbnailUrl\":\"https:\/\/www.granitimaurino.ch\/wp-content\/uploads\/2022\/01\/graniti-maurino-news-artigianato-scolpito-nella-pietra-cesare-maurino.png\",\"articleSection\":[\"Presse\"],\"inLanguage\":\"de\"},{\"@type\":\"Person\",\"@id\":\"https:\/\/www.granitimaurino.ch\/#\/schema\/person\/2ce3afa490526919a99d9b01dd1c222b\",\"name\":\"Graniti Maurino\",\"image\":{\"@type\":\"ImageObject\",\"@id\":\"https:\/\/www.granitimaurino.ch\/#personlogo\",\"inLanguage\":\"de\",\"url\":\"https:\/\/secure.gravatar.com\/avatar\/b0f7dbf224cc37b867650cc9ce06acfad81a67271f3281438247d36fba84b799?s=96&d=mm&r=g\",\"contentUrl\":\"https:\/\/secure.gravatar.com\/avatar\/b0f7dbf224cc37b867650cc9ce06acfad81a67271f3281438247d36fba84b799?s=96&d=mm&r=g\",\"caption\":\"Graniti Maurino\"},\"sameAs\":[\"https:\/\/www.instagram.com\/granitimaurino.ch\/\",\"https:\/\/twitter.com\/maurino\"]}]}<\/script>\n<!-- \/ Yoast SEO plugin. -->","yoast_head_json":{"robots":{"index":"index","follow":"follow","max-snippet":"max-snippet:-1","max-image-preview":"max-image-preview:large","max-video-preview":"max-video-preview:-1"},"canonical":"https:\/\/www.granitimaurino.ch\/de\/in-stein-gemeisselte-handwerkskunst\/","og_locale":"de_DE","og_type":"article","og_title":"In Stein gemeisselte Handwerkskunst - Graniti Maurino","og_description":"RSI (Radiotelevisione della Svizzera italiana) besuchte unsere Werkstatt in Biasca f\u00fcr die Sendung &#8222;L&#8217;artigianato scolpito nella pietra&#8220;. Ab der 17. Minute k\u00f6nnen Sie die am 28. Februar 2020 ausgestrahlte Folge sehen. Wie Sie in der Sendung sehen k\u00f6nnen, verf\u00fcgt die...","og_url":"https:\/\/www.granitimaurino.ch\/de\/in-stein-gemeisselte-handwerkskunst\/","og_site_name":"Graniti Maurino","article_published_time":"2022-01-11T13:25:26+00:00","article_modified_time":"2022-02-03T08:08:10+00:00","og_image":[{"width":1465,"height":1200,"url":"https:\/\/www.granitimaurino.ch\/wp-content\/uploads\/2022\/01\/graniti-maurino-news-artigianato-scolpito-nella-pietra-cesare-maurino-1465x1200.png","type":"image\/png"}],"twitter_card":"summary_large_image","twitter_creator":"@maurino","twitter_misc":{"Verfasst von":"Graniti Maurino"},"schema":{"@context":"https:\/\/schema.org","@graph":[{"@type":"Organization","@id":"https:\/\/www.granitimaurino.ch\/#organization","name":"Graniti Maurino","url":"https:\/\/www.granitimaurino.ch\/","sameAs":[],"logo":{"@type":"ImageObject","@id":"https:\/\/www.granitimaurino.ch\/#logo","inLanguage":"de","url":"https:\/\/www.granitimaurino.ch\/wp-content\/uploads\/2021\/12\/logo.png","contentUrl":"https:\/\/www.granitimaurino.ch\/wp-content\/uploads\/2021\/12\/logo.png","width":500,"height":104,"caption":"Graniti Maurino"},"image":{"@id":"https:\/\/www.granitimaurino.ch\/#logo"}},{"@type":"WebSite","@id":"https:\/\/www.granitimaurino.ch\/#website","url":"https:\/\/www.granitimaurino.ch\/","name":"Graniti Maurino","description":"Pietre svizzere autentiche","publisher":{"@id":"https:\/\/www.granitimaurino.ch\/#organization"},"potentialAction":[{"@type":"SearchAction","target":{"@type":"EntryPoint","urlTemplate":"https:\/\/www.granitimaurino.ch\/?s={search_term_string}"},"query-input":"required name=search_term_string"}],"inLanguage":"de"},{"@type":"ImageObject","@id":"https:\/\/www.granitimaurino.ch\/de\/in-stein-gemeisselte-handwerkskunst\/#primaryimage","inLanguage":"de","url":"https:\/\/www.granitimaurino.ch\/wp-content\/uploads\/2022\/01\/graniti-maurino-news-artigianato-scolpito-nella-pietra-cesare-maurino.png","contentUrl":"https:\/\/www.granitimaurino.ch\/wp-content\/uploads\/2022\/01\/graniti-maurino-news-artigianato-scolpito-nella-pietra-cesare-maurino.png","width":2629,"height":2153},{"@type":"WebPage","@id":"https:\/\/www.granitimaurino.ch\/de\/in-stein-gemeisselte-handwerkskunst\/#webpage","url":"https:\/\/www.granitimaurino.ch\/de\/in-stein-gemeisselte-handwerkskunst\/","name":"In Stein gemeisselte Handwerkskunst - Graniti Maurino","isPartOf":{"@id":"https:\/\/www.granitimaurino.ch\/#website"},"primaryImageOfPage":{"@id":"https:\/\/www.granitimaurino.ch\/de\/in-stein-gemeisselte-handwerkskunst\/#primaryimage"},"datePublished":"2022-01-11T13:25:26+00:00","dateModified":"2022-02-03T08:08:10+00:00","breadcrumb":{"@id":"https:\/\/www.granitimaurino.ch\/de\/in-stein-gemeisselte-handwerkskunst\/#breadcrumb"},"inLanguage":"de","potentialAction":[{"@type":"ReadAction","target":["https:\/\/www.granitimaurino.ch\/de\/in-stein-gemeisselte-handwerkskunst\/"]}]},{"@type":"BreadcrumbList","@id":"https:\/\/www.granitimaurino.ch\/de\/in-stein-gemeisselte-handwerkskunst\/#breadcrumb","itemListElement":[{"@type":"ListItem","position":1,"name":"Home","item":"https:\/\/www.granitimaurino.ch\/de\/"},{"@type":"ListItem","position":2,"name":"In Stein gemeisselte Handwerkskunst"}]},{"@type":"Article","@id":"https:\/\/www.granitimaurino.ch\/de\/in-stein-gemeisselte-handwerkskunst\/#article","isPartOf":{"@id":"https:\/\/www.granitimaurino.ch\/de\/in-stein-gemeisselte-handwerkskunst\/#webpage"},"author":{"@id":"https:\/\/www.granitimaurino.ch\/#\/schema\/person\/2ce3afa490526919a99d9b01dd1c222b"},"headline":"In Stein gemeisselte Handwerkskunst","datePublished":"2022-01-11T13:25:26+00:00","dateModified":"2022-02-03T08:08:10+00:00","mainEntityOfPage":{"@id":"https:\/\/www.granitimaurino.ch\/de\/in-stein-gemeisselte-handwerkskunst\/#webpage"},"wordCount":67,"publisher":{"@id":"https:\/\/www.granitimaurino.ch\/#organization"},"image":{"@id":"https:\/\/www.granitimaurino.ch\/de\/in-stein-gemeisselte-handwerkskunst\/#primaryimage"},"thumbnailUrl":"https:\/\/www.granitimaurino.ch\/wp-content\/uploads\/2022\/01\/graniti-maurino-news-artigianato-scolpito-nella-pietra-cesare-maurino.png","articleSection":["Presse"],"inLanguage":"de"},{"@type":"Person","@id":"https:\/\/www.granitimaurino.ch\/#\/schema\/person\/2ce3afa490526919a99d9b01dd1c222b","name":"Graniti Maurino","image":{"@type":"ImageObject","@id":"https:\/\/www.granitimaurino.ch\/#personlogo","inLanguage":"de","url":"https:\/\/secure.gravatar.com\/avatar\/b0f7dbf224cc37b867650cc9ce06acfad81a67271f3281438247d36fba84b799?s=96&d=mm&r=g","contentUrl":"https:\/\/secure.gravatar.com\/avatar\/b0f7dbf224cc37b867650cc9ce06acfad81a67271f3281438247d36fba84b799?s=96&d=mm&r=g","caption":"Graniti Maurino"},"sameAs":["https:\/\/www.instagram.com\/granitimaurino.ch\/","https:\/\/twitter.com\/maurino"]}]}},"_links":{"self":[{"href":"https:\/\/www.granitimaurino.ch\/de\/wp-json\/wp\/v2\/posts\/7967","targetHints":{"allow":["GET"]}}],"collection":[{"href":"https:\/\/www.granitimaurino.ch\/de\/wp-json\/wp\/v2\/posts"}],"about":[{"href":"https:\/\/www.granitimaurino.ch\/de\/wp-json\/wp\/v2\/types\/post"}],"author":[{"embeddable":true,"href":"https:\/\/www.granitimaurino.ch\/de\/wp-json\/wp\/v2\/users\/2"}],"replies":[{"embeddable":true,"href":"https:\/\/www.granitimaurino.ch\/de\/wp-json\/wp\/v2\/comments?post=7967"}],"version-history":[{"count":0,"href":"https:\/\/www.granitimaurino.ch\/de\/wp-json\/wp\/v2\/posts\/7967\/revisions"}],"wp:featuredmedia":[{"embeddable":true,"href":"https:\/\/www.granitimaurino.ch\/de\/wp-json\/wp\/v2\/media\/8734"}],"wp:attachment":[{"href":"https:\/\/www.granitimaurino.ch\/de\/wp-json\/wp\/v2\/media?parent=7967"}],"wp:term":[{"taxonomy":"category","embeddable":true,"href":"https:\/\/www.granitimaurino.ch\/de\/wp-json\/wp\/v2\/categories?post=7967"}],"curies":[{"name":"wp","href":"https:\/\/api.w.org\/{rel}","templated":true}]}}